{"id":1989,"date":"2018-06-11T00:27:33","date_gmt":"2018-06-10T22:27:33","guid":{"rendered":"http:\/\/agora.xtec.cat\/escolaboragran\/?p=1989"},"modified":"2018-09-11T12:23:52","modified_gmt":"2018-09-11T10:23:52","slug":"festa-final-de-curs","status":"publish","type":"post","link":"https:\/\/agora.xtec.cat\/escolaboragran\/festes-i-celebracions\/festa-final-de-curs\/","title":{"rendered":"Festa final de curs"},"content":{"rendered":"<p style=\"text-align: justify;\">Acabat el berenar ofert per l&#8217;AFA vam celebrar una gimcana d&#8217;orientaci\u00f3 pels boscos de Seriny\u00e0 amb una alta participaci\u00f3 d&#8217;alumnes i familiars. Despr\u00e9s vam gaudir amb les can\u00e7ons de la coral de 5\u00e8 i 6\u00e8. Per arrodonir la festa les fam\u00edlies van preparar un bon sopar i vam acomiadar els alumnes de 6\u00e8.<\/p>\n<p><a href=\"https:\/\/photos.google.com\/share\/AF1QipNmviyYQKwBTeTec9aIxB8ds8M_NWZGMDzmFNIlC5TfDW2Ck8raxrYgeabmx_gQdQ\/photo\/AF1QipPOJypt-K3MwXWveAhp_0Cg52cOv_6bjoh6XJou?key=Tk5aNXkwUWItY1cwUFJ5TUdBYS1lOUx0T1U2bHJn\" target=\"_blank\" rel=\"noopener noreferrer\"><img decoding=\"async\" class=\"aligncenter\" style=\"max-width: 300px; max-height: 300px;\" src=\"https:\/\/lh3.googleusercontent.com\/piCy2YOTuSTW_c5ITNCeXuynWb09Ahb0F1ZJgewxecMQ6OvCmvytSp8BWRFBPVMca3cKFlIDSGhJA4zkGGTD71YAR-yKPIKD3Xp9zhji6qDkGOYTSbYHOZgYLSoOOriYGwdQiJkR5X-H9qvTSXHBubiVlJjTHjl9a7qGcQ_nRIkqOB1yH7u-C25RTxJFcQn-SjyJs-T4CRwNq2XtNKzjXEsuTv3ivHivulwQjee-TPUOC4300oBB3OEUlSFnb-PCfA3ajQdv9jQxXXDQk0Vu0F2KfZZ2m-6skvi8cJi8nPmXYq3NWV7Y5qzLRIEjntj51D8qIBHGIm-Yo4NBl44mzbnqcLP2TkjF8bZD1JAOUVpz45a_ym2OIBjN4gEgiyYUwWqmmH2AYcwU0FjAJUrYgMrVdYG3CPl97AgUIVb2su6-aflzUbwiqFUw-9Kahieu2NZ9-IYxoj1wbJXBWTefrM6lrcievZRjwxYd3J1a7qRTvwfrB2vuJkZH5gQf-18DzYmE4miA2YiWLfhEZQsnUjQZjhZQpZ9KiMqOgUTJnJkeI2KgXB2tu3MRMg57R_nHnLCKcHIzNRon5I6yN4hiwVLKMyCUi6HP3RI3QMISsYv7AR4TQhlTS6J1Jkun5WCH-mjJ9OXElfuP89fc12eijKF3Ol3tmEDLkg=w800-h600-no\" \/><\/a><\/p>\n","protected":false},"excerpt":{"rendered":"<p>Acabat el berenar ofert per l&#8217;AFA vam celebrar una gimcana d&#8217;orientaci\u00f3 pels boscos de Seriny\u00e0 amb una alta participaci\u00f3 d&#8217;alumnes i familiars. Despr\u00e9s vam gaudir amb les can\u00e7ons de la coral de 5\u00e8 i 6\u00e8. Per arrodonir la festa les fam\u00edlies van preparar un bon sopar i vam acomiadar els alumnes de 6\u00e8.<\/p>\n","protected":false},"author":1,"featured_media":0,"comment_status":"closed","ping_status":"closed","sticky":false,"template":"","format":"standard","meta":{"_bbp_topic_count":0,"_bbp_reply_count":0,"_bbp_total_topic_count":0,"_bbp_total_reply_count":0,"_bbp_voice_count":0,"_bbp_anonymous_reply_count":0,"_bbp_topic_count_hidden":0,"_bbp_reply_count_hidden":0,"_bbp_forum_subforum_count":0,"site-sidebar-layout":"default","site-content-layout":"","ast-site-content-layout":"","site-content-style":"default","site-sidebar-style":"default","ast-global-header-display":"","ast-banner-title-visibility":"","ast-main-header-display":"","ast-hfb-above-header-display":"","ast-hfb-below-header-display":"","ast-hfb-mobile-header-display":"","site-post-title":"","ast-breadcrumbs-content":"","ast-featured-img":"","footer-sml-layout":"","theme-transparent-header-meta":"","adv-header-id-meta":"","stick-header-meta":"","header-above-stick-meta":"","header-main-stick-meta":"","header-below-stick-meta":"","astra-migrate-meta-layouts":"default","ast-page-background-enabled":"default","ast-page-background-meta":{"desktop":{"background-color":"var(--ast-global-color-4)","background-image":"","background-repeat":"repeat","background-position":"center center","background-size":"auto","background-attachment":"scroll","background-type":"","background-media":"","overlay-type":"","overlay-color":"","overlay-opacity":"","overlay-gradient":""},"tablet":{"background-color":"","background-image":"","background-repeat":"repeat","background-position":"center center","background-size":"auto","background-attachment":"scroll","background-type":"","background-media":"","overlay-type":"","overlay-color":"","overlay-opacity":"","overlay-gradient":""},"mobile":{"background-color":"","background-image":"","background-repeat":"repeat","background-position":"center center","background-size":"auto","background-attachment":"scroll","background-type":"","background-media":"","overlay-type":"","overlay-color":"","overlay-opacity":"","overlay-gradient":""}},"ast-content-background-meta":{"desktop":{"background-color":"var(--ast-global-color-5)","background-image":"","background-repeat":"repeat","background-position":"center center","background-size":"auto","background-attachment":"scroll","background-type":"","background-media":"","overlay-type":"","overlay-color":"","overlay-opacity":"","overlay-gradient":""},"tablet":{"background-color":"var(--ast-global-color-5)","background-image":"","background-repeat":"repeat","background-position":"center center","background-size":"auto","background-attachment":"scroll","background-type":"","background-media":"","overlay-type":"","overlay-color":"","overlay-opacity":"","overlay-gradient":""},"mobile":{"background-color":"var(--ast-global-color-5)","background-image":"","background-repeat":"repeat","background-position":"center center","background-size":"auto","background-attachment":"scroll","background-type":"","background-media":"","overlay-type":"","overlay-color":"","overlay-opacity":"","overlay-gradient":""}},"footnotes":""},"categories":[63],"tags":[],"class_list":["post-1989","post","type-post","status-publish","format-standard","hentry","category-festes-i-celebracions"],"post_mailing_queue_ids":[],"_links":{"self":[{"href":"https:\/\/agora.xtec.cat\/escolaboragran\/wp-json\/wp\/v2\/posts\/1989","targetHints":{"allow":["GET"]}}],"collection":[{"href":"https:\/\/agora.xtec.cat\/escolaboragran\/wp-json\/wp\/v2\/posts"}],"about":[{"href":"https:\/\/agora.xtec.cat\/escolaboragran\/wp-json\/wp\/v2\/types\/post"}],"author":[{"embeddable":true,"href":"https:\/\/agora.xtec.cat\/escolaboragran\/wp-json\/wp\/v2\/users\/1"}],"replies":[{"embeddable":true,"href":"https:\/\/agora.xtec.cat\/escolaboragran\/wp-json\/wp\/v2\/comments?post=1989"}],"version-history":[{"count":3,"href":"https:\/\/agora.xtec.cat\/escolaboragran\/wp-json\/wp\/v2\/posts\/1989\/revisions"}],"predecessor-version":[{"id":1994,"href":"https:\/\/agora.xtec.cat\/escolaboragran\/wp-json\/wp\/v2\/posts\/1989\/revisions\/1994"}],"wp:attachment":[{"href":"https:\/\/agora.xtec.cat\/escolaboragran\/wp-json\/wp\/v2\/media?parent=1989"}],"wp:term":[{"taxonomy":"category","embeddable":true,"href":"https:\/\/agora.xtec.cat\/escolaboragran\/wp-json\/wp\/v2\/categories?post=1989"},{"taxonomy":"post_tag","embeddable":true,"href":"https:\/\/agora.xtec.cat\/escolaboragran\/wp-json\/wp\/v2\/tags?post=1989"}],"curies":[{"name":"wp","href":"https:\/\/api.w.org\/{rel}","templated":true}]}}