{"id":1971,"date":"2018-06-04T18:55:19","date_gmt":"2018-06-04T16:55:19","guid":{"rendered":"http:\/\/agora.xtec.cat\/escolaboragran\/?p=1971"},"modified":"2018-06-18T00:03:43","modified_gmt":"2018-06-17T22:03:43","slug":"sofa-de-lectura-amb-alumnes-de-linstitut","status":"publish","type":"post","link":"https:\/\/agora.xtec.cat\/escolaboragran\/llegim-i-escrivim\/sofa-de-lectura-amb-alumnes-de-linstitut\/","title":{"rendered":"Sof\u00e0 de lectura amb alumnes de l&#8217;institut"},"content":{"rendered":"<p style=\"text-align: justify;\">Al mes de gener vam encetar una nova activitat al Sof\u00e0 de BoraLlibres. Estudiants de 1r d&#8217;ESO de l&#8217;Institut Pere Alsius han vingut una estona de la tarda dels dijous per llegir contes, endevinalles, llibres de coneixements&#8230; als infants de P5. L&#8217;objectiu era despertar en els m\u00e9s petits la curiositat i el gust per la lectura alhora que els m\u00e9s grans aprenien a fer un servei a la comunitat i a ser responsables del comprom\u00eds adquirit. L&#8217;experi\u00e8ncia ha estat molt enriquidora per uns i altres i han compartit, sobretot, moments divertits, emocionants i plens de complicitat.<\/p>\n<p><a href=\"https:\/\/photos.google.com\/share\/AF1QipMkALMCGl9ppymr7d944SM3wNgXr1BzzMKBU0FLnV4kzlAj0_QcKPUQsZkeZ3wlBg\/photo\/AF1QipOmx2jilrhTjGOu0OQDJ1hz6dj3g0fYu3n26QxI?key=MTlERXdXTWV0enhTOEVNLThybTZBVTFlVFEtVmJB\" target=\"_blank\" rel=\"noopener noreferrer\"><img decoding=\"async\" class=\"aligncenter\" style=\"max-width: 300px; max-height: 300px;\" src=\"https:\/\/lh3.googleusercontent.com\/hgiG2B0XqlXVzjvJK8lgoF0qHEYU5RvCnci3E6dxtv-dCKE0nX2ktZZWt36w2I3UqM1ZMIBkOnIZonJDvNhPiyixGPVRKDv-tMgU1U82oJxtSLKnRw6q-bFixgxlpgHL3vpfb9ul2S-VfJUSd-XA2m4vw9OjLxbQ6civYZgcf-WxW5LM1SSP6OroEr36Vsu2GLHoYpsu7JO5aMRlJjeVFTEp59cSJeVsK81K5TzOvnNmHCOTeRImycZuKW94iJ-j4KO2Ewfe-6jwVZd07OIXxIhzzDmBHr3Pb-ew07Q-T_uzB9FUsiKUgdQBZ-uFfEZZU11p0_0jbcEMrkUqoJ5mry_fsih-bfZGxxm3D_lE0Bt3yJjJOCC3Qd5kZWgu3UBu32ahEXNeoKjc95Sic-LyzLEBU3_93bN89Bykeknminj_aLUIRxLwUVohEkqvOsHFZx1T13e9Wt-7zSoIvUZy71ZQ6wVj5MicCIyn02SUWuSorzxK_8DgGrN0gFIWlEttGEEuRGIeVVTDwXbk686fJkPVfdp5wSug9IzhHulgFHD3XkvX2FqFShynuRyhkzvKQ6U-I0uRSxLCcf9b_36yXowIJbbZ4BeLcH55MEEYCbRJNXi-HcRN6QXB6DubjuXy46XUuixfP264_cxcalHZtY9_wcfZWjmOzQ=w800-h600-no\" \/><\/a><\/p>\n","protected":false},"excerpt":{"rendered":"<p>Al mes de gener vam encetar una nova activitat al Sof\u00e0 de BoraLlibres. Estudiants de 1r d&#8217;ESO de l&#8217;Institut Pere Alsius han vingut una estona de la tarda dels dijous per llegir contes, endevinalles, llibres de coneixements&#8230; als infants de P5. L&#8217;objectiu era despertar en els m\u00e9s petits la curiositat i el gust per la [&hellip;]<\/p>\n","protected":false},"author":6,"featured_media":0,"comment_status":"closed","ping_status":"closed","sticky":false,"template":"","format":"standard","meta":{"_bbp_topic_count":0,"_bbp_reply_count":0,"_bbp_total_topic_count":0,"_bbp_total_reply_count":0,"_bbp_voice_count":0,"_bbp_anonymous_reply_count":0,"_bbp_topic_count_hidden":0,"_bbp_reply_count_hidden":0,"_bbp_forum_subforum_count":0,"site-sidebar-layout":"default","site-content-layout":"","ast-site-content-layout":"","site-content-style":"default","site-sidebar-style":"default","ast-global-header-display":"","ast-banner-title-visibility":"","ast-main-header-display":"","ast-hfb-above-header-display":"","ast-hfb-below-header-display":"","ast-hfb-mobile-header-display":"","site-post-title":"","ast-breadcrumbs-content":"","ast-featured-img":"","footer-sml-layout":"","theme-transparent-header-meta":"","adv-header-id-meta":"","stick-header-meta":"","header-above-stick-meta":"","header-main-stick-meta":"","header-below-stick-meta":"","astra-migrate-meta-layouts":"default","ast-page-background-enabled":"default","ast-page-background-meta":{"desktop":{"background-color":"var(--ast-global-color-4)","background-image":"","background-repeat":"repeat","background-position":"center center","background-size":"auto","background-attachment":"scroll","background-type":"","background-media":"","overlay-type":"","overlay-color":"","overlay-opacity":"","overlay-gradient":""},"tablet":{"background-color":"","background-image":"","background-repeat":"repeat","background-position":"center center","background-size":"auto","background-attachment":"scroll","background-type":"","background-media":"","overlay-type":"","overlay-color":"","overlay-opacity":"","overlay-gradient":""},"mobile":{"background-color":"","background-image":"","background-repeat":"repeat","background-position":"center center","background-size":"auto","background-attachment":"scroll","background-type":"","background-media":"","overlay-type":"","overlay-color":"","overlay-opacity":"","overlay-gradient":""}},"ast-content-background-meta":{"desktop":{"background-color":"var(--ast-global-color-5)","background-image":"","background-repeat":"repeat","background-position":"center center","background-size":"auto","background-attachment":"scroll","background-type":"","background-media":"","overlay-type":"","overlay-color":"","overlay-opacity":"","overlay-gradient":""},"tablet":{"background-color":"var(--ast-global-color-5)","background-image":"","background-repeat":"repeat","background-position":"center center","background-size":"auto","background-attachment":"scroll","background-type":"","background-media":"","overlay-type":"","overlay-color":"","overlay-opacity":"","overlay-gradient":""},"mobile":{"background-color":"var(--ast-global-color-5)","background-image":"","background-repeat":"repeat","background-position":"center center","background-size":"auto","background-attachment":"scroll","background-type":"","background-media":"","overlay-type":"","overlay-color":"","overlay-opacity":"","overlay-gradient":""}},"footnotes":""},"categories":[61],"tags":[],"class_list":["post-1971","post","type-post","status-publish","format-standard","hentry","category-llegim-i-escrivim"],"post_mailing_queue_ids":[],"_links":{"self":[{"href":"https:\/\/agora.xtec.cat\/escolaboragran\/wp-json\/wp\/v2\/posts\/1971","targetHints":{"allow":["GET"]}}],"collection":[{"href":"https:\/\/agora.xtec.cat\/escolaboragran\/wp-json\/wp\/v2\/posts"}],"about":[{"href":"https:\/\/agora.xtec.cat\/escolaboragran\/wp-json\/wp\/v2\/types\/post"}],"author":[{"embeddable":true,"href":"https:\/\/agora.xtec.cat\/escolaboragran\/wp-json\/wp\/v2\/users\/6"}],"replies":[{"embeddable":true,"href":"https:\/\/agora.xtec.cat\/escolaboragran\/wp-json\/wp\/v2\/comments?post=1971"}],"version-history":[{"count":3,"href":"https:\/\/agora.xtec.cat\/escolaboragran\/wp-json\/wp\/v2\/posts\/1971\/revisions"}],"predecessor-version":[{"id":1988,"href":"https:\/\/agora.xtec.cat\/escolaboragran\/wp-json\/wp\/v2\/posts\/1971\/revisions\/1988"}],"wp:attachment":[{"href":"https:\/\/agora.xtec.cat\/escolaboragran\/wp-json\/wp\/v2\/media?parent=1971"}],"wp:term":[{"taxonomy":"category","embeddable":true,"href":"https:\/\/agora.xtec.cat\/escolaboragran\/wp-json\/wp\/v2\/categories?post=1971"},{"taxonomy":"post_tag","embeddable":true,"href":"https:\/\/agora.xtec.cat\/escolaboragran\/wp-json\/wp\/v2\/tags?post=1971"}],"curies":[{"name":"wp","href":"https:\/\/api.w.org\/{rel}","templated":true}]}}