{"id":1900,"date":"2018-05-31T13:12:32","date_gmt":"2018-05-31T11:12:32","guid":{"rendered":"http:\/\/agora.xtec.cat\/escolaboragran\/?p=1900"},"modified":"2018-06-10T21:24:40","modified_gmt":"2018-06-10T19:24:40","slug":"padrins-de-lectura","status":"publish","type":"post","link":"https:\/\/agora.xtec.cat\/escolaboragran\/llegim-i-escrivim\/padrins-de-lectura\/","title":{"rendered":"Padrins de lectura"},"content":{"rendered":"<p style=\"text-align: justify;\">Aquest \u00faltim trimestre del curs, els nens de 5\u00e8 i 6\u00e8 han apadrinat els nens i nenes de 1r i 2n per ajudar-los a llegir. Es troben un cop a la setmana i llegeixen junts. El grans porten contes pels petits i un cop acabada la lectura, comenten el relat i fan preguntes. Els dies de bon temps fan la lectura al parc, s&#8217;hi est\u00e0 tan b\u00e9!<\/p>\n<p><a href=\"https:\/\/photos.google.com\/share\/AF1QipPZPQd9D-jFaLGKxMj9wUuGC3CNv0dMUGIWU3a1SsCVpycDd5RpDMPOYY63y-efeQ\/photo\/AF1QipNPp1MjncWMTJtyU-ZwLnmcKbjHO8gOq3nzr8hN?key=QkkyYjRUVkwzdjJrdlBkX0ZLTDRjMmlpM3M0R3ZB\" target=\"_blank\" rel=\"noopener noreferrer\"><img loading=\"lazy\" decoding=\"async\" class=\"aligncenter\" style=\"max-width: 300px; max-height: 300px;\" src=\"https:\/\/lh3.googleusercontent.com\/89TlGV3xcA6paD5Ggoe55RxPTi2r9yCAldFklP8rXY8jyhvXzC2ZUXO-43VVRqP-r20W7p8ZpFWp1H0rijN_-RYOsovj9E3qdTjzjhK7lmzhMCxTerUXkjljqgr4sBgiwxIHHJ-1cN2qwa52xNnpSstPn-eGDcs5kXS1Pv3YHBGoFdFpbHznVFjmdNvDAWs3NVlxAy3WBcGvEoOsHFYSbh92D93oQwF7OF0AKRoa30yuzK8V0yl-WPEwtEaZQ6s25Hcvb5L6Qhcy1g72raK3vXJrCAqAiQdXWALjNHBcKfWut03634AlQamiyVx7qAsMdk1aUNvtHYFthTP1sCcAWEQCGfLbakPmytkHsD9Px1-A1n4piIKE_4UJT5tvz3qVb6riEhw3ywq0ZpC8u7EAxc4tIeZeqDe9UKZF5-UW3Xb9gQUgDSvjt9MEm3IYqrXvycgJRvn_JaFOd39n9x4JrCUTmww2x_mC1W0h1p1byqD0RtxtxK-Ly3aocIwaVdp0gD3tudluLDdcELalzYZhnjRy2GSMnzbxSFKGqdcli6mhnS7vfarJ21twJE5FBGvDyqwiNpsAtHqrSwTgxoMfoOjMY5_m1iH6xVp2TWczBARw77p4Z7s8vju3sDuhXRQliE-T54yJHtW3nYoy52VExwm88P-NwtMv9A=w800-h600-no\" alt=\"\" width=\"596\" height=\"447\" \/><\/a><\/p>\n","protected":false},"excerpt":{"rendered":"<p>Aquest \u00faltim trimestre del curs, els nens de 5\u00e8 i 6\u00e8 han apadrinat els nens i nenes de 1r i 2n per ajudar-los a llegir. Es troben un cop a la setmana i llegeixen junts. El grans porten contes pels petits i un cop acabada la lectura, comenten el relat i fan preguntes. Els dies [&hellip;]<\/p>\n","protected":false},"author":1,"featured_media":0,"comment_status":"closed","ping_status":"closed","sticky":false,"template":"","format":"standard","meta":{"_bbp_topic_count":0,"_bbp_reply_count":0,"_bbp_total_topic_count":0,"_bbp_total_reply_count":0,"_bbp_voice_count":0,"_bbp_anonymous_reply_count":0,"_bbp_topic_count_hidden":0,"_bbp_reply_count_hidden":0,"_bbp_forum_subforum_count":0,"site-sidebar-layout":"default","site-content-layout":"","ast-site-content-layout":"","site-content-style":"default","site-sidebar-style":"default","ast-global-header-display":"","ast-banner-title-visibility":"","ast-main-header-display":"","ast-hfb-above-header-display":"","ast-hfb-below-header-display":"","ast-hfb-mobile-header-display":"","site-post-title":"","ast-breadcrumbs-content":"","ast-featured-img":"","footer-sml-layout":"","theme-transparent-header-meta":"","adv-header-id-meta":"","stick-header-meta":"","header-above-stick-meta":"","header-main-stick-meta":"","header-below-stick-meta":"","astra-migrate-meta-layouts":"default","ast-page-background-enabled":"default","ast-page-background-meta":{"desktop":{"background-color":"var(--ast-global-color-4)","background-image":"","background-repeat":"repeat","background-position":"center center","background-size":"auto","background-attachment":"scroll","background-type":"","background-media":"","overlay-type":"","overlay-color":"","overlay-opacity":"","overlay-gradient":""},"tablet":{"background-color":"","background-image":"","background-repeat":"repeat","background-position":"center center","background-size":"auto","background-attachment":"scroll","background-type":"","background-media":"","overlay-type":"","overlay-color":"","overlay-opacity":"","overlay-gradient":""},"mobile":{"background-color":"","background-image":"","background-repeat":"repeat","background-position":"center center","background-size":"auto","background-attachment":"scroll","background-type":"","background-media":"","overlay-type":"","overlay-color":"","overlay-opacity":"","overlay-gradient":""}},"ast-content-background-meta":{"desktop":{"background-color":"var(--ast-global-color-5)","background-image":"","background-repeat":"repeat","background-position":"center center","background-size":"auto","background-attachment":"scroll","background-type":"","background-media":"","overlay-type":"","overlay-color":"","overlay-opacity":"","overlay-gradient":""},"tablet":{"background-color":"var(--ast-global-color-5)","background-image":"","background-repeat":"repeat","background-position":"center center","background-size":"auto","background-attachment":"scroll","background-type":"","background-media":"","overlay-type":"","overlay-color":"","overlay-opacity":"","overlay-gradient":""},"mobile":{"background-color":"var(--ast-global-color-5)","background-image":"","background-repeat":"repeat","background-position":"center center","background-size":"auto","background-attachment":"scroll","background-type":"","background-media":"","overlay-type":"","overlay-color":"","overlay-opacity":"","overlay-gradient":""}},"footnotes":""},"categories":[61],"tags":[],"class_list":["post-1900","post","type-post","status-publish","format-standard","hentry","category-llegim-i-escrivim"],"post_mailing_queue_ids":[],"_links":{"self":[{"href":"https:\/\/agora.xtec.cat\/escolaboragran\/wp-json\/wp\/v2\/posts\/1900","targetHints":{"allow":["GET"]}}],"collection":[{"href":"https:\/\/agora.xtec.cat\/escolaboragran\/wp-json\/wp\/v2\/posts"}],"about":[{"href":"https:\/\/agora.xtec.cat\/escolaboragran\/wp-json\/wp\/v2\/types\/post"}],"author":[{"embeddable":true,"href":"https:\/\/agora.xtec.cat\/escolaboragran\/wp-json\/wp\/v2\/users\/1"}],"replies":[{"embeddable":true,"href":"https:\/\/agora.xtec.cat\/escolaboragran\/wp-json\/wp\/v2\/comments?post=1900"}],"version-history":[{"count":3,"href":"https:\/\/agora.xtec.cat\/escolaboragran\/wp-json\/wp\/v2\/posts\/1900\/revisions"}],"predecessor-version":[{"id":1944,"href":"https:\/\/agora.xtec.cat\/escolaboragran\/wp-json\/wp\/v2\/posts\/1900\/revisions\/1944"}],"wp:attachment":[{"href":"https:\/\/agora.xtec.cat\/escolaboragran\/wp-json\/wp\/v2\/media?parent=1900"}],"wp:term":[{"taxonomy":"category","embeddable":true,"href":"https:\/\/agora.xtec.cat\/escolaboragran\/wp-json\/wp\/v2\/categories?post=1900"},{"taxonomy":"post_tag","embeddable":true,"href":"https:\/\/agora.xtec.cat\/escolaboragran\/wp-json\/wp\/v2\/tags?post=1900"}],"curies":[{"name":"wp","href":"https:\/\/api.w.org\/{rel}","templated":true}]}}