{"id":1789,"date":"2018-05-03T13:57:25","date_gmt":"2018-05-03T11:57:25","guid":{"rendered":"http:\/\/agora.xtec.cat\/escolaboragran\/?p=1789"},"modified":"2018-05-20T19:35:41","modified_gmt":"2018-05-20T17:35:41","slug":"premi-alzina-reclamadora","status":"publish","type":"post","link":"https:\/\/agora.xtec.cat\/escolaboragran\/llegim-i-escrivim\/premi-alzina-reclamadora\/","title":{"rendered":"La reina papallona"},"content":{"rendered":"<p style=\"text-align: justify;\">Els alumnes de cicle mitj\u00e0 i cicle superior han participat en el XXXV Certamen Literari Alzina Reclamadora convocat per l&#8217;Ajuntament de Fontcoberta amb l&#8217;objectiu de promoure l\u2019expressi\u00f3 escrita en catal\u00e0 i aprofundir en la riquesa del llenguatge. En aquesta edici\u00f3 ha resultat premiada la Laia S., alumna de 3r de prim\u00e0ria, amb el conte <em><a href=\"http:\/\/agora.xtec.cat\/escolaboragran\/wp-content\/uploads\/usu747\/2018\/05\/LaReinaPapallona_LaiaS.pdf\" target=\"_blank\" rel=\"noopener noreferrer\">La reina papallona.<\/a><\/em><\/p>\n<p style=\"text-align: center;\"><strong>Enhorabona!!!<\/strong><\/p>\n<p><a href=\"https:\/\/photos.google.com\/share\/AF1QipPwMtJJ4M5HDg2Hmv-0nOsMPbfSz1ulpfEnaTFvfSQ6wf5zgcTKs2Sr7JU0YgwlcQ\/photo\/AF1QipPRdatr_24sJ_5RXUkXyhwHPFFemsLswTqq5KLm?key=Rl9pV3pBN045eFM1QUNzcWlKeUlUUFFmWVZLbzN3\" target=\"_blank\" rel=\"noopener noreferrer\"><img decoding=\"async\" class=\"aligncenter\" style=\"max-width: 300px; max-height: 300px;\" src=\"https:\/\/lh3.googleusercontent.com\/8lxzwdzmiJZm9qTjfycSRGiFCGAWwoNKiK-rABgciRqjtaBUp9Yni_wlnYEbQ9NyT9rpl7OtkkYkL41PnRMdIE1-iHYYTkoDpxLk4bnuYaPMfHD9UiAb_J2EO57439sK0SAGSmfm7f_x5qvxFk0C3HDzv_MIon5gGMWVlNTB4qZgIbtoy2VAC-XNtuOwDPUssRk1MiSj4s3YHHPegMnVMZdbudbrqle7q7G0SIACpzGGMWntCR0KPZlNeVRuiRS4Fg9Ab5w-rgCXNFwnV7gy52nTwe3_CVw9V5xbaInagDBEpu0i0Up2hNdFkU7R6y_TkCJpk7_49PgjpwSbr_ZuugJWvFN1p1ZqZhf33nbhOotPwkgxaftiwKGu9QVGf8O3xz6bo5HRwpcppDFgf-19nUsbKP4h-dMQJgBxDbKK-g_95mtSyiMA3w1J2I1UHIFCjX2wIOrVy4FIx21S2Oi-qC2ntxuLcVWxBHU4vDtZ9mNj5vqHJ37S9_XhT3M0C2fUUPp_8C5sLOmlylQ5_OJUVtuawtKzMpvzjz2IBrWQ6JkHpyWjTLM_aajG939GwESMWTkIYWKCSN38zZdzgzm974XRMQNEoDPOavXQkroyW_kVxcYNjQRrUvGtgi01ciX8t-Ib4t_YjyMC6TOm_S7WwoCNqINJkTx5qA=w800-h600-no\" \/><\/a><\/p>\n","protected":false},"excerpt":{"rendered":"<p>Els alumnes de cicle mitj\u00e0 i cicle superior han participat en el XXXV Certamen Literari Alzina Reclamadora convocat per l&#8217;Ajuntament de Fontcoberta amb l&#8217;objectiu de promoure l\u2019expressi\u00f3 escrita en catal\u00e0 i aprofundir en la riquesa del llenguatge. En aquesta edici\u00f3 ha resultat premiada la Laia S., alumna de 3r de prim\u00e0ria, amb el conte La [&hellip;]<\/p>\n","protected":false},"author":6,"featured_media":0,"comment_status":"closed","ping_status":"closed","sticky":false,"template":"","format":"standard","meta":{"_bbp_topic_count":0,"_bbp_reply_count":0,"_bbp_total_topic_count":0,"_bbp_total_reply_count":0,"_bbp_voice_count":0,"_bbp_anonymous_reply_count":0,"_bbp_topic_count_hidden":0,"_bbp_reply_count_hidden":0,"_bbp_forum_subforum_count":0,"site-sidebar-layout":"default","site-content-layout":"","ast-site-content-layout":"","site-content-style":"default","site-sidebar-style":"default","ast-global-header-display":"","ast-banner-title-visibility":"","ast-main-header-display":"","ast-hfb-above-header-display":"","ast-hfb-below-header-display":"","ast-hfb-mobile-header-display":"","site-post-title":"","ast-breadcrumbs-content":"","ast-featured-img":"","footer-sml-layout":"","theme-transparent-header-meta":"","adv-header-id-meta":"","stick-header-meta":"","header-above-stick-meta":"","header-main-stick-meta":"","header-below-stick-meta":"","astra-migrate-meta-layouts":"default","ast-page-background-enabled":"default","ast-page-background-meta":{"desktop":{"background-color":"var(--ast-global-color-4)","background-image":"","background-repeat":"repeat","background-position":"center center","background-size":"auto","background-attachment":"scroll","background-type":"","background-media":"","overlay-type":"","overlay-color":"","overlay-opacity":"","overlay-gradient":""},"tablet":{"background-color":"","background-image":"","background-repeat":"repeat","background-position":"center center","background-size":"auto","background-attachment":"scroll","background-type":"","background-media":"","overlay-type":"","overlay-color":"","overlay-opacity":"","overlay-gradient":""},"mobile":{"background-color":"","background-image":"","background-repeat":"repeat","background-position":"center center","background-size":"auto","background-attachment":"scroll","background-type":"","background-media":"","overlay-type":"","overlay-color":"","overlay-opacity":"","overlay-gradient":""}},"ast-content-background-meta":{"desktop":{"background-color":"var(--ast-global-color-5)","background-image":"","background-repeat":"repeat","background-position":"center center","background-size":"auto","background-attachment":"scroll","background-type":"","background-media":"","overlay-type":"","overlay-color":"","overlay-opacity":"","overlay-gradient":""},"tablet":{"background-color":"var(--ast-global-color-5)","background-image":"","background-repeat":"repeat","background-position":"center center","background-size":"auto","background-attachment":"scroll","background-type":"","background-media":"","overlay-type":"","overlay-color":"","overlay-opacity":"","overlay-gradient":""},"mobile":{"background-color":"var(--ast-global-color-5)","background-image":"","background-repeat":"repeat","background-position":"center center","background-size":"auto","background-attachment":"scroll","background-type":"","background-media":"","overlay-type":"","overlay-color":"","overlay-opacity":"","overlay-gradient":""}},"footnotes":""},"categories":[61],"tags":[],"class_list":["post-1789","post","type-post","status-publish","format-standard","hentry","category-llegim-i-escrivim"],"post_mailing_queue_ids":[],"_links":{"self":[{"href":"https:\/\/agora.xtec.cat\/escolaboragran\/wp-json\/wp\/v2\/posts\/1789","targetHints":{"allow":["GET"]}}],"collection":[{"href":"https:\/\/agora.xtec.cat\/escolaboragran\/wp-json\/wp\/v2\/posts"}],"about":[{"href":"https:\/\/agora.xtec.cat\/escolaboragran\/wp-json\/wp\/v2\/types\/post"}],"author":[{"embeddable":true,"href":"https:\/\/agora.xtec.cat\/escolaboragran\/wp-json\/wp\/v2\/users\/6"}],"replies":[{"embeddable":true,"href":"https:\/\/agora.xtec.cat\/escolaboragran\/wp-json\/wp\/v2\/comments?post=1789"}],"version-history":[{"count":3,"href":"https:\/\/agora.xtec.cat\/escolaboragran\/wp-json\/wp\/v2\/posts\/1789\/revisions"}],"predecessor-version":[{"id":1874,"href":"https:\/\/agora.xtec.cat\/escolaboragran\/wp-json\/wp\/v2\/posts\/1789\/revisions\/1874"}],"wp:attachment":[{"href":"https:\/\/agora.xtec.cat\/escolaboragran\/wp-json\/wp\/v2\/media?parent=1789"}],"wp:term":[{"taxonomy":"category","embeddable":true,"href":"https:\/\/agora.xtec.cat\/escolaboragran\/wp-json\/wp\/v2\/categories?post=1789"},{"taxonomy":"post_tag","embeddable":true,"href":"https:\/\/agora.xtec.cat\/escolaboragran\/wp-json\/wp\/v2\/tags?post=1789"}],"curies":[{"name":"wp","href":"https:\/\/api.w.org\/{rel}","templated":true}]}}