{"id":1739,"date":"2018-04-27T12:22:29","date_gmt":"2018-04-27T10:22:29","guid":{"rendered":"http:\/\/agora.xtec.cat\/escolaboragran\/?p=1739"},"modified":"2018-05-14T08:00:00","modified_gmt":"2018-05-14T06:00:00","slug":"hi-havia-una-vegada","status":"publish","type":"post","link":"https:\/\/agora.xtec.cat\/escolaboragran\/festes-i-celebracions\/hi-havia-una-vegada\/","title":{"rendered":"Hi havia una vegada&#8230;"},"content":{"rendered":"<p style=\"text-align: justify;\">Per la Diada de Sant Jordi vam fer una activitat liter\u00e0ria amb dos convidats especials.<br \/>\nAls m\u00e9s petitons, la Tere Sol\u00e0 ens va representar un conte d\u2019un peix molt gros que es feia molt el valent per\u00f2 en realitat no ho era tant. Ens va encantar la seva representaci\u00f3!!<br \/>\nAls m\u00e9s grans, en Miquel Torrent ens va llegir contes inventats i escrits per nosaltres i d&#8217;altres que ell havia triat. Ens va captivar el seu entusiasme!!<\/p>\n<p><a href=\"https:\/\/photos.google.com\/share\/AF1QipP3lrScDCVohnr6TY8C2tv_K2i_mA61uxJGr6HX4y67CL_dJa-nMrmCRVpjpzIjbA\/photo\/AF1QipPGF8AgZD3SOIjKSnhVxhFNG7r70dxBhEU_0iDn?key=RXJ0SWs4LXZHLWYtelJBbndJdUE2TlRSM1ZJU21R\" target=\"_blank\" rel=\"noopener noreferrer\"><img decoding=\"async\" class=\"aligncenter\" style=\"max-width: 300px; max-height: 300px;\" src=\"https:\/\/lh3.googleusercontent.com\/RszV0tW52TKLkc7VbctAz9xkuvqtKRRFInHX1YVEOySra_RnbLupDaxOzfM3NX9rt0coIPKHNt928cmRtW_s-jdumhNp-e1ZErdrY4IUJrNu4BaW5qdjs0e457lkglFk0wH7Uh077gc-v3H4XB1EdRk_2FN7NmiiBSSNf1ACtezWinEEuGOWzabRPv90XZ5M3rGFB0JSrjx0BSiRUIw-YtTCwB7r90Jelc4B3RVLE1IfPkiLFJ1CpiajVMmyvtie7PgbeGsWdNf00lJefFC7MQgQEzoTaqT-Q1HttcwhrifCIM853nhk2Cr9LaisekvZzxlBkao5m729LXm-IGtta5no4h7QjLnQMJp6Fsn2vx0FS-hMr84VZs6LN5VFBlHyf1ZNikhW_cTzR3X5yxNPLOjaEEa9CP7S3uMrI_T69SPJm1SAsH2V7Am92m0As-BDg8nWNokndfnz6-OTQDFjVMz886IiQtCw65w8uiRFkS7y6Nx9jlkUSUkM5kC5M4xP4STb4jsgIDgm8VcK2uYeGJcHkMHwNJni3sfhbVJPAUsAlYbSex-JzFY3cxFWmE1eCqwccdvo1OfLHykbK5gtSmSu2jZgD4XfoRrIWB0sDwww3X8vojJxKb6zo2ICShuCZc0ppRRMwT2rU73iGhGotW-7IoTZX9PVow=w800-h600-no\" \/><\/a><\/p>\n","protected":false},"excerpt":{"rendered":"<p>Per la Diada de Sant Jordi vam fer una activitat liter\u00e0ria amb dos convidats especials. Als m\u00e9s petitons, la Tere Sol\u00e0 ens va representar un conte d\u2019un peix molt gros que es feia molt el valent per\u00f2 en realitat no ho era tant. Ens va encantar la seva representaci\u00f3!! Als m\u00e9s grans, en Miquel Torrent [&hellip;]<\/p>\n","protected":false},"author":9,"featured_media":0,"comment_status":"closed","ping_status":"closed","sticky":false,"template":"","format":"standard","meta":{"_bbp_topic_count":0,"_bbp_reply_count":0,"_bbp_total_topic_count":0,"_bbp_total_reply_count":0,"_bbp_voice_count":0,"_bbp_anonymous_reply_count":0,"_bbp_topic_count_hidden":0,"_bbp_reply_count_hidden":0,"_bbp_forum_subforum_count":0,"site-sidebar-layout":"default","site-content-layout":"","ast-site-content-layout":"","site-content-style":"default","site-sidebar-style":"default","ast-global-header-display":"","ast-banner-title-visibility":"","ast-main-header-display":"","ast-hfb-above-header-display":"","ast-hfb-below-header-display":"","ast-hfb-mobile-header-display":"","site-post-title":"","ast-breadcrumbs-content":"","ast-featured-img":"","footer-sml-layout":"","theme-transparent-header-meta":"","adv-header-id-meta":"","stick-header-meta":"","header-above-stick-meta":"","header-main-stick-meta":"","header-below-stick-meta":"","astra-migrate-meta-layouts":"default","ast-page-background-enabled":"default","ast-page-background-meta":{"desktop":{"background-color":"var(--ast-global-color-4)","background-image":"","background-repeat":"repeat","background-position":"center center","background-size":"auto","background-attachment":"scroll","background-type":"","background-media":"","overlay-type":"","overlay-color":"","overlay-opacity":"","overlay-gradient":""},"tablet":{"background-color":"","background-image":"","background-repeat":"repeat","background-position":"center center","background-size":"auto","background-attachment":"scroll","background-type":"","background-media":"","overlay-type":"","overlay-color":"","overlay-opacity":"","overlay-gradient":""},"mobile":{"background-color":"","background-image":"","background-repeat":"repeat","background-position":"center center","background-size":"auto","background-attachment":"scroll","background-type":"","background-media":"","overlay-type":"","overlay-color":"","overlay-opacity":"","overlay-gradient":""}},"ast-content-background-meta":{"desktop":{"background-color":"var(--ast-global-color-5)","background-image":"","background-repeat":"repeat","background-position":"center center","background-size":"auto","background-attachment":"scroll","background-type":"","background-media":"","overlay-type":"","overlay-color":"","overlay-opacity":"","overlay-gradient":""},"tablet":{"background-color":"var(--ast-global-color-5)","background-image":"","background-repeat":"repeat","background-position":"center center","background-size":"auto","background-attachment":"scroll","background-type":"","background-media":"","overlay-type":"","overlay-color":"","overlay-opacity":"","overlay-gradient":""},"mobile":{"background-color":"var(--ast-global-color-5)","background-image":"","background-repeat":"repeat","background-position":"center center","background-size":"auto","background-attachment":"scroll","background-type":"","background-media":"","overlay-type":"","overlay-color":"","overlay-opacity":"","overlay-gradient":""}},"footnotes":""},"categories":[63],"tags":[],"class_list":["post-1739","post","type-post","status-publish","format-standard","hentry","category-festes-i-celebracions"],"post_mailing_queue_ids":[],"_links":{"self":[{"href":"https:\/\/agora.xtec.cat\/escolaboragran\/wp-json\/wp\/v2\/posts\/1739","targetHints":{"allow":["GET"]}}],"collection":[{"href":"https:\/\/agora.xtec.cat\/escolaboragran\/wp-json\/wp\/v2\/posts"}],"about":[{"href":"https:\/\/agora.xtec.cat\/escolaboragran\/wp-json\/wp\/v2\/types\/post"}],"author":[{"embeddable":true,"href":"https:\/\/agora.xtec.cat\/escolaboragran\/wp-json\/wp\/v2\/users\/9"}],"replies":[{"embeddable":true,"href":"https:\/\/agora.xtec.cat\/escolaboragran\/wp-json\/wp\/v2\/comments?post=1739"}],"version-history":[{"count":4,"href":"https:\/\/agora.xtec.cat\/escolaboragran\/wp-json\/wp\/v2\/posts\/1739\/revisions"}],"predecessor-version":[{"id":1782,"href":"https:\/\/agora.xtec.cat\/escolaboragran\/wp-json\/wp\/v2\/posts\/1739\/revisions\/1782"}],"wp:attachment":[{"href":"https:\/\/agora.xtec.cat\/escolaboragran\/wp-json\/wp\/v2\/media?parent=1739"}],"wp:term":[{"taxonomy":"category","embeddable":true,"href":"https:\/\/agora.xtec.cat\/escolaboragran\/wp-json\/wp\/v2\/categories?post=1739"},{"taxonomy":"post_tag","embeddable":true,"href":"https:\/\/agora.xtec.cat\/escolaboragran\/wp-json\/wp\/v2\/tags?post=1739"}],"curies":[{"name":"wp","href":"https:\/\/api.w.org\/{rel}","templated":true}]}}