{"id":1645,"date":"2018-04-10T17:25:05","date_gmt":"2018-04-10T15:25:05","guid":{"rendered":"http:\/\/agora.xtec.cat\/escolaboragran\/?p=1645"},"modified":"2018-04-23T23:31:16","modified_gmt":"2018-04-23T21:31:16","slug":"repte-assolit","status":"publish","type":"post","link":"https:\/\/agora.xtec.cat\/escolaboragran\/llegim-i-escrivim\/repte-assolit\/","title":{"rendered":"Repte assolit!"},"content":{"rendered":"<p style=\"text-align: justify;\">Els nens i nenes de segon ens vam apuntar al repte <strong><em>Un munt de llibres<\/em><\/strong>, organitzat pel CRP del Pla de l\u2019Estany. Ens hav\u00edem de marcar un objectiu, una al\u00e7ada a assolir sumant els lloms dels llibres que an\u00e0vem llegint a l\u2019aula durant un per\u00edode concret.<br \/>\nEns vam marcar el repte d&#8217;arribar a l&#8217;al\u00e7ada d&#8217;un dels armaris que tenim a l&#8217;aula que mesura 1,12 m. A data, 9 d\u2019abril vam superar el repte!!! N\u2019estem molt orgullosos ja que ens hem hagut d\u2019esfor\u00e7ar molt.<br \/>\nHa estat una activitat molt engrescadora que ens ha motivat a llegir!!!<\/p>\n<p><a href=\"https:\/\/photos.google.com\/share\/AF1QipMD7HljEfMzLcHbklxAWFbAPQ0M66LRu56a4aDLtFJ0zgmLIKk0ll-Bs825IZLumQ\/photo\/AF1QipMPY77ETjcVTZ7rrmcT4sHjAO-r50UI7bIGuPYi?key=MnRtRUlTeTlfeGprLUVLNmFZUlM0N1NHaXhoMTVR\" target=\"_blank\" rel=\"noopener noreferrer\"><img decoding=\"async\" class=\"aligncenter\" style=\"max-width: 300px; max-height: 300px;\" src=\"https:\/\/lh3.googleusercontent.com\/qjnzsrTm1UvS8MQo9NguRon_AHo5ETrsXFeFnevaqkx1x0meIVYv14-e3CoP5C0Fb3dq2-8OswAP6XsK8yZLkITaX-d1BEEqgFrb0-BDWezffzOeDz14OkBtM7b7Pi07vY6mKT8L8QKPWq07GHZHv2DGKrrl68WYFvonso0pQBmoSTBPjr_ucpzTF90pkEEM0WY-IF2XE92CNPw5Cm7R8Kbs7bxjyohvxNHYz_QpGjWKJ0Q8GbzqsR1iZZNj9JJ4thTqR87DydW5ij7N4KL8v4rhPlMY8J1c20ETeJURygiYUwBlnirgtuMADxqmY3pdr46HY34RHRoifpwnq7y14pIoKf-d0b6zjEohSvg4Q2cn2q2hoF0YNNtEmCgufMPWGnSuvZOkR0wRUmFNWtpYHrJjGXQnFdIGXcAxmXEGv_wxm0-qmkSRXT8TEs_uZDzpZ38nkIl3YRHaGhPTjLnIsou8ox7PZpe5q7jtGB1X0s1zfahySPAMlGqsqEYetrbzRhAjbCo_Y8fR_wV3gIE_J-cYHHkhbI_hlfDbtcVzDgJ5lJfQyJoAxrIOpowIzy2hQKm2SN8H5rLEmp8erXO547jwUGKyDnaYD6fXuKSjdzBA9dEsGAuIHXJoyu_KnNyBRsJFmyJvxgGwKQs8y7tSF5rDjDFQDgyipA=w800-h600-no\" \/><\/a><\/p>\n","protected":false},"excerpt":{"rendered":"<p>Els nens i nenes de segon ens vam apuntar al repte Un munt de llibres, organitzat pel CRP del Pla de l\u2019Estany. Ens hav\u00edem de marcar un objectiu, una al\u00e7ada a assolir sumant els lloms dels llibres que an\u00e0vem llegint a l\u2019aula durant un per\u00edode concret. Ens vam marcar el repte d&#8217;arribar a l&#8217;al\u00e7ada d&#8217;un [&hellip;]<\/p>\n","protected":false},"author":4,"featured_media":0,"comment_status":"closed","ping_status":"closed","sticky":false,"template":"","format":"standard","meta":{"_bbp_topic_count":0,"_bbp_reply_count":0,"_bbp_total_topic_count":0,"_bbp_total_reply_count":0,"_bbp_voice_count":0,"_bbp_anonymous_reply_count":0,"_bbp_topic_count_hidden":0,"_bbp_reply_count_hidden":0,"_bbp_forum_subforum_count":0,"site-sidebar-layout":"default","site-content-layout":"","ast-site-content-layout":"","site-content-style":"default","site-sidebar-style":"default","ast-global-header-display":"","ast-banner-title-visibility":"","ast-main-header-display":"","ast-hfb-above-header-display":"","ast-hfb-below-header-display":"","ast-hfb-mobile-header-display":"","site-post-title":"","ast-breadcrumbs-content":"","ast-featured-img":"","footer-sml-layout":"","theme-transparent-header-meta":"","adv-header-id-meta":"","stick-header-meta":"","header-above-stick-meta":"","header-main-stick-meta":"","header-below-stick-meta":"","astra-migrate-meta-layouts":"default","ast-page-background-enabled":"default","ast-page-background-meta":{"desktop":{"background-color":"var(--ast-global-color-4)","background-image":"","background-repeat":"repeat","background-position":"center center","background-size":"auto","background-attachment":"scroll","background-type":"","background-media":"","overlay-type":"","overlay-color":"","overlay-opacity":"","overlay-gradient":""},"tablet":{"background-color":"","background-image":"","background-repeat":"repeat","background-position":"center center","background-size":"auto","background-attachment":"scroll","background-type":"","background-media":"","overlay-type":"","overlay-color":"","overlay-opacity":"","overlay-gradient":""},"mobile":{"background-color":"","background-image":"","background-repeat":"repeat","background-position":"center center","background-size":"auto","background-attachment":"scroll","background-type":"","background-media":"","overlay-type":"","overlay-color":"","overlay-opacity":"","overlay-gradient":""}},"ast-content-background-meta":{"desktop":{"background-color":"var(--ast-global-color-5)","background-image":"","background-repeat":"repeat","background-position":"center center","background-size":"auto","background-attachment":"scroll","background-type":"","background-media":"","overlay-type":"","overlay-color":"","overlay-opacity":"","overlay-gradient":""},"tablet":{"background-color":"var(--ast-global-color-5)","background-image":"","background-repeat":"repeat","background-position":"center center","background-size":"auto","background-attachment":"scroll","background-type":"","background-media":"","overlay-type":"","overlay-color":"","overlay-opacity":"","overlay-gradient":""},"mobile":{"background-color":"var(--ast-global-color-5)","background-image":"","background-repeat":"repeat","background-position":"center center","background-size":"auto","background-attachment":"scroll","background-type":"","background-media":"","overlay-type":"","overlay-color":"","overlay-opacity":"","overlay-gradient":""}},"footnotes":""},"categories":[61],"tags":[],"class_list":["post-1645","post","type-post","status-publish","format-standard","hentry","category-llegim-i-escrivim"],"post_mailing_queue_ids":[],"_links":{"self":[{"href":"https:\/\/agora.xtec.cat\/escolaboragran\/wp-json\/wp\/v2\/posts\/1645","targetHints":{"allow":["GET"]}}],"collection":[{"href":"https:\/\/agora.xtec.cat\/escolaboragran\/wp-json\/wp\/v2\/posts"}],"about":[{"href":"https:\/\/agora.xtec.cat\/escolaboragran\/wp-json\/wp\/v2\/types\/post"}],"author":[{"embeddable":true,"href":"https:\/\/agora.xtec.cat\/escolaboragran\/wp-json\/wp\/v2\/users\/4"}],"replies":[{"embeddable":true,"href":"https:\/\/agora.xtec.cat\/escolaboragran\/wp-json\/wp\/v2\/comments?post=1645"}],"version-history":[{"count":3,"href":"https:\/\/agora.xtec.cat\/escolaboragran\/wp-json\/wp\/v2\/posts\/1645\/revisions"}],"predecessor-version":[{"id":1671,"href":"https:\/\/agora.xtec.cat\/escolaboragran\/wp-json\/wp\/v2\/posts\/1645\/revisions\/1671"}],"wp:attachment":[{"href":"https:\/\/agora.xtec.cat\/escolaboragran\/wp-json\/wp\/v2\/media?parent=1645"}],"wp:term":[{"taxonomy":"category","embeddable":true,"href":"https:\/\/agora.xtec.cat\/escolaboragran\/wp-json\/wp\/v2\/categories?post=1645"},{"taxonomy":"post_tag","embeddable":true,"href":"https:\/\/agora.xtec.cat\/escolaboragran\/wp-json\/wp\/v2\/tags?post=1645"}],"curies":[{"name":"wp","href":"https:\/\/api.w.org\/{rel}","templated":true}]}}