{"id":1517,"date":"2018-03-15T13:38:22","date_gmt":"2018-03-15T12:38:22","guid":{"rendered":"http:\/\/agora.xtec.cat\/escolaboragran\/?p=1517"},"modified":"2018-04-01T18:17:46","modified_gmt":"2018-04-01T16:17:46","slug":"fem-de-prehistorics","status":"publish","type":"post","link":"https:\/\/agora.xtec.cat\/escolaboragran\/coneixemserinya\/fem-de-prehistorics\/","title":{"rendered":"FEM DE PREHIST\u00d2RICS!"},"content":{"rendered":"<p style=\"text-align: justify;\">Aquest dilluns, els nens i nenes de Cicle Inicial hem anat a visitar les coves del Reclau Viver. Vol\u00edem saber com vivien els homes i dones de la prehist\u00f2ria.<br \/>\nEns ha agradat molt, hem apr\u00e8s com es vestien, qu\u00e8 menjaven&#8230; i el m\u00e9s impressionant, com feien foc!<br \/>\nHavia de ser molt dur viure en aquella \u00e8poca!<\/p>\n<p><a href=\"https:\/\/photos.google.com\/share\/AF1QipNaa-fjRpz7pNS5doruE0ZOwH-IFb8NnGV3dkNbZjSLBg9hBHOI8RNoHU3GRZDf4Q\/photo\/AF1QipPc90kPN8184RJ_WAJ43v0b0A-CklUyMkv4lK5o?key=SWRBY0pNSUpZeEpuaHZvblF0M21MbW1uSjdfd1dR\" target=\"_blank\" rel=\"noopener noreferrer\"><img decoding=\"async\" class=\"aligncenter\" style=\"max-width: 300px; max-height: 300px;\" src=\"https:\/\/lh3.googleusercontent.com\/n4cQ4EJrNpVVBeG_xBY8sHXqUyto66rTQ-VaiB9UV4FRrKWDEKelPhkRwZSdrsZ9747eX5qhwO-YzU-3xTFy8_CtA-wKLg1J7Y-m-ZevH_aVji3-bwRlrPbVu0maijuxt_P52Np3a-0NberVnzsxw0MsRtxCrC246FXV_e1YBfh2FJZ_l5TWY2gwWzYfpkYlNPKvJi4qEcQhOOjzFcCnbb0YFw9lsYmstG9iSxbiASPbl6p0cq4t9joFYfdR3fT9grZq46m16dN2-yvX8yAamleV5TLX1WhKJaE9xdqv-txTOF0q6OLJdh_OVV2cAcenCcrSA79EtYXWzvwENSjBKfNWIlAPAaaqWhkIGQpR9qjA_FSDeUI9bT5aXEpZDLPPy9WmCzxtHPQRVOqowmPWqK5ZVPNad7jjnA1LaRp7hkFiHi6_oQfs_QYLMnybOI00WCRBTwDRRJem6-ozU6dV6VIxeBVaFoGr3zobrGL6B3zSn2LXskagV0GHVvTFsd7QgmDV3wMwYEYbkCksX6wBQFjMF0EcHQY-AG3BAhS0AKNz_BG_3TPrbS806PTBDMk-Te0BmlBNw_G8gLzbDQ8Hs5jCjqj_1_eikfvZo0zzHVLIIwjMOTSuDAecaPnpVMyvSQSJ-zZjuV5vr5aZDYSuXyKljCaeO8OIzQ=w800-h600-no\" \/><\/a><\/p>\n","protected":false},"excerpt":{"rendered":"<p>Aquest dilluns, els nens i nenes de Cicle Inicial hem anat a visitar les coves del Reclau Viver. Vol\u00edem saber com vivien els homes i dones de la prehist\u00f2ria. Ens ha agradat molt, hem apr\u00e8s com es vestien, qu\u00e8 menjaven&#8230; i el m\u00e9s impressionant, com feien foc! Havia de ser molt dur viure en aquella [&hellip;]<\/p>\n","protected":false},"author":1,"featured_media":0,"comment_status":"closed","ping_status":"closed","sticky":false,"template":"","format":"standard","meta":{"_bbp_topic_count":0,"_bbp_reply_count":0,"_bbp_total_topic_count":0,"_bbp_total_reply_count":0,"_bbp_voice_count":0,"_bbp_anonymous_reply_count":0,"_bbp_topic_count_hidden":0,"_bbp_reply_count_hidden":0,"_bbp_forum_subforum_count":0,"site-sidebar-layout":"default","site-content-layout":"","ast-site-content-layout":"","site-content-style":"default","site-sidebar-style":"default","ast-global-header-display":"","ast-banner-title-visibility":"","ast-main-header-display":"","ast-hfb-above-header-display":"","ast-hfb-below-header-display":"","ast-hfb-mobile-header-display":"","site-post-title":"","ast-breadcrumbs-content":"","ast-featured-img":"","footer-sml-layout":"","theme-transparent-header-meta":"","adv-header-id-meta":"","stick-header-meta":"","header-above-stick-meta":"","header-main-stick-meta":"","header-below-stick-meta":"","astra-migrate-meta-layouts":"default","ast-page-background-enabled":"default","ast-page-background-meta":{"desktop":{"background-color":"var(--ast-global-color-4)","background-image":"","background-repeat":"repeat","background-position":"center center","background-size":"auto","background-attachment":"scroll","background-type":"","background-media":"","overlay-type":"","overlay-color":"","overlay-opacity":"","overlay-gradient":""},"tablet":{"background-color":"","background-image":"","background-repeat":"repeat","background-position":"center center","background-size":"auto","background-attachment":"scroll","background-type":"","background-media":"","overlay-type":"","overlay-color":"","overlay-opacity":"","overlay-gradient":""},"mobile":{"background-color":"","background-image":"","background-repeat":"repeat","background-position":"center center","background-size":"auto","background-attachment":"scroll","background-type":"","background-media":"","overlay-type":"","overlay-color":"","overlay-opacity":"","overlay-gradient":""}},"ast-content-background-meta":{"desktop":{"background-color":"var(--ast-global-color-5)","background-image":"","background-repeat":"repeat","background-position":"center center","background-size":"auto","background-attachment":"scroll","background-type":"","background-media":"","overlay-type":"","overlay-color":"","overlay-opacity":"","overlay-gradient":""},"tablet":{"background-color":"var(--ast-global-color-5)","background-image":"","background-repeat":"repeat","background-position":"center center","background-size":"auto","background-attachment":"scroll","background-type":"","background-media":"","overlay-type":"","overlay-color":"","overlay-opacity":"","overlay-gradient":""},"mobile":{"background-color":"var(--ast-global-color-5)","background-image":"","background-repeat":"repeat","background-position":"center center","background-size":"auto","background-attachment":"scroll","background-type":"","background-media":"","overlay-type":"","overlay-color":"","overlay-opacity":"","overlay-gradient":""}},"footnotes":""},"categories":[60],"tags":[],"class_list":["post-1517","post","type-post","status-publish","format-standard","hentry","category-coneixemserinya"],"post_mailing_queue_ids":[],"_links":{"self":[{"href":"https:\/\/agora.xtec.cat\/escolaboragran\/wp-json\/wp\/v2\/posts\/1517","targetHints":{"allow":["GET"]}}],"collection":[{"href":"https:\/\/agora.xtec.cat\/escolaboragran\/wp-json\/wp\/v2\/posts"}],"about":[{"href":"https:\/\/agora.xtec.cat\/escolaboragran\/wp-json\/wp\/v2\/types\/post"}],"author":[{"embeddable":true,"href":"https:\/\/agora.xtec.cat\/escolaboragran\/wp-json\/wp\/v2\/users\/1"}],"replies":[{"embeddable":true,"href":"https:\/\/agora.xtec.cat\/escolaboragran\/wp-json\/wp\/v2\/comments?post=1517"}],"version-history":[{"count":3,"href":"https:\/\/agora.xtec.cat\/escolaboragran\/wp-json\/wp\/v2\/posts\/1517\/revisions"}],"predecessor-version":[{"id":1562,"href":"https:\/\/agora.xtec.cat\/escolaboragran\/wp-json\/wp\/v2\/posts\/1517\/revisions\/1562"}],"wp:attachment":[{"href":"https:\/\/agora.xtec.cat\/escolaboragran\/wp-json\/wp\/v2\/media?parent=1517"}],"wp:term":[{"taxonomy":"category","embeddable":true,"href":"https:\/\/agora.xtec.cat\/escolaboragran\/wp-json\/wp\/v2\/categories?post=1517"},{"taxonomy":"post_tag","embeddable":true,"href":"https:\/\/agora.xtec.cat\/escolaboragran\/wp-json\/wp\/v2\/tags?post=1517"}],"curies":[{"name":"wp","href":"https:\/\/api.w.org\/{rel}","templated":true}]}}