{"id":1448,"date":"2018-02-28T14:04:42","date_gmt":"2018-02-28T13:04:42","guid":{"rendered":"http:\/\/agora.xtec.cat\/escolaboragran\/?p=1448"},"modified":"2018-03-11T22:43:10","modified_gmt":"2018-03-11T21:43:10","slug":"laventura-den-marc","status":"publish","type":"post","link":"https:\/\/agora.xtec.cat\/escolaboragran\/llegim-i-escrivim\/laventura-den-marc\/","title":{"rendered":"L&#8217;aventura d&#8217;en Marc"},"content":{"rendered":"<p style=\"text-align: justify;\">El passat dissabte 24 de febrer es va celebrar la XXIII entrega de premis del Certamen Literari Ramon Vidal que organitza l\u2019Associaci\u00f3 Cultural Tallaferro de Besal\u00fa. En Marc, alumne de 2n de prim\u00e0ria, va quedar 2n en la seva categoria. Podeu llegir <strong><a href=\"http:\/\/agora.xtec.cat\/escolaboragran\/wp-content\/uploads\/usu747\/2018\/02\/LAventura_MarcM.pdf\" target=\"_blank\" rel=\"noopener noreferrer\">aqu\u00ed<\/a><\/strong> la seva divertida i imaginativa hist\u00f2ria.<br \/>\n<strong>Enhorabona, Marc!!!<\/strong><\/p>\n<p><a href=\"https:\/\/photos.google.com\/share\/AF1QipO6vrcRDm2G2Qst_uaG8MgQBAQ5B3B4OOvW7LXVVGIv2c9ZrK4eWxcbF02Ifv4lCQ\/photo\/AF1QipMS5RYn6QlWeP9nDGilQojK3WKA1BuJ0LUVguqC?key=TU9UeWxQVUJrUk5ZQ1c5am95Yy1WcTNDbFJzNy1n\" target=\"_blank\" rel=\"noopener noreferrer\"><img decoding=\"async\" class=\"aligncenter\" style=\"max-width: 600px; max-height: 300px;\" src=\"https:\/\/lh3.googleusercontent.com\/bweTpszL3frp0sqeryRzUkhKOmyCF0-hJ0SBEkxvYnRQi2NtA8fnK-D1rUzzSA7hTStWd7ymG9B9sOq182dUSzBK2TNOHFvj7TgwcKBTDw76o082Am7PNVWfzZ2wB2sTnWT17cx0L8GG81aNRO3yoMhhwS_EAhbKOraxywBaneg4jUDKmFdw0U_6ft-Ee6SGJ9p0hBUNULO4RjQlTqLHVkLSgwkkqCB_uLAPFSoK7rNWi57SeVn41CfnBB8pv5Aw20UvMTFmljDLUQncbe11mMW1gF1i79L2ilh85pBg7sVK179K5a3tCVd4T8iIM8SB4KDnoPCAOO8h2wEle1YI24mxVNEJOOAAV8Iv8JTUzTYlUNBmYDYaomENNGsHenZoVGqkSCd9r_swkWwxRAmskSs3eOxmxNbARp9xMW5FRNlIQ-5LMjQs_69LnZSf_sAx4yW-PMe7bKuAR8KzdaVoqPg9Wv6Adanjpgm3w98YJ7As_ArQVPgHJ0Kd1yHRNSXiKCtlVcfdoI5zlMu6yTYzr2cgg5CqNwpJSjRLeTfQz-NpIOip38t4DW-ZXDvN3WB31MTol26xpXnE6F1U8AAJCmgEq5QRfHMxK7SqrjJeOqPfsvymiYx9hDcP2ZruQutz9Ro0Q1gik3Cia3AKNTEDqGxB-8HApdoqnA=w800-h600-no\" \/><\/a><\/p>\n","protected":false},"excerpt":{"rendered":"<p>El passat dissabte 24 de febrer es va celebrar la XXIII entrega de premis del Certamen Literari Ramon Vidal que organitza l\u2019Associaci\u00f3 Cultural Tallaferro de Besal\u00fa. En Marc, alumne de 2n de prim\u00e0ria, va quedar 2n en la seva categoria. Podeu llegir aqu\u00ed la seva divertida i imaginativa hist\u00f2ria. Enhorabona, Marc!!!<\/p>\n","protected":false},"author":6,"featured_media":0,"comment_status":"closed","ping_status":"closed","sticky":false,"template":"","format":"standard","meta":{"_bbp_topic_count":0,"_bbp_reply_count":0,"_bbp_total_topic_count":0,"_bbp_total_reply_count":0,"_bbp_voice_count":0,"_bbp_anonymous_reply_count":0,"_bbp_topic_count_hidden":0,"_bbp_reply_count_hidden":0,"_bbp_forum_subforum_count":0,"site-sidebar-layout":"default","site-content-layout":"","ast-site-content-layout":"","site-content-style":"default","site-sidebar-style":"default","ast-global-header-display":"","ast-banner-title-visibility":"","ast-main-header-display":"","ast-hfb-above-header-display":"","ast-hfb-below-header-display":"","ast-hfb-mobile-header-display":"","site-post-title":"","ast-breadcrumbs-content":"","ast-featured-img":"","footer-sml-layout":"","theme-transparent-header-meta":"","adv-header-id-meta":"","stick-header-meta":"","header-above-stick-meta":"","header-main-stick-meta":"","header-below-stick-meta":"","astra-migrate-meta-layouts":"default","ast-page-background-enabled":"default","ast-page-background-meta":{"desktop":{"background-color":"var(--ast-global-color-4)","background-image":"","background-repeat":"repeat","background-position":"center center","background-size":"auto","background-attachment":"scroll","background-type":"","background-media":"","overlay-type":"","overlay-color":"","overlay-opacity":"","overlay-gradient":""},"tablet":{"background-color":"","background-image":"","background-repeat":"repeat","background-position":"center center","background-size":"auto","background-attachment":"scroll","background-type":"","background-media":"","overlay-type":"","overlay-color":"","overlay-opacity":"","overlay-gradient":""},"mobile":{"background-color":"","background-image":"","background-repeat":"repeat","background-position":"center center","background-size":"auto","background-attachment":"scroll","background-type":"","background-media":"","overlay-type":"","overlay-color":"","overlay-opacity":"","overlay-gradient":""}},"ast-content-background-meta":{"desktop":{"background-color":"var(--ast-global-color-5)","background-image":"","background-repeat":"repeat","background-position":"center center","background-size":"auto","background-attachment":"scroll","background-type":"","background-media":"","overlay-type":"","overlay-color":"","overlay-opacity":"","overlay-gradient":""},"tablet":{"background-color":"var(--ast-global-color-5)","background-image":"","background-repeat":"repeat","background-position":"center center","background-size":"auto","background-attachment":"scroll","background-type":"","background-media":"","overlay-type":"","overlay-color":"","overlay-opacity":"","overlay-gradient":""},"mobile":{"background-color":"var(--ast-global-color-5)","background-image":"","background-repeat":"repeat","background-position":"center center","background-size":"auto","background-attachment":"scroll","background-type":"","background-media":"","overlay-type":"","overlay-color":"","overlay-opacity":"","overlay-gradient":""}},"footnotes":""},"categories":[61],"tags":[],"class_list":["post-1448","post","type-post","status-publish","format-standard","hentry","category-llegim-i-escrivim"],"post_mailing_queue_ids":[],"_links":{"self":[{"href":"https:\/\/agora.xtec.cat\/escolaboragran\/wp-json\/wp\/v2\/posts\/1448","targetHints":{"allow":["GET"]}}],"collection":[{"href":"https:\/\/agora.xtec.cat\/escolaboragran\/wp-json\/wp\/v2\/posts"}],"about":[{"href":"https:\/\/agora.xtec.cat\/escolaboragran\/wp-json\/wp\/v2\/types\/post"}],"author":[{"embeddable":true,"href":"https:\/\/agora.xtec.cat\/escolaboragran\/wp-json\/wp\/v2\/users\/6"}],"replies":[{"embeddable":true,"href":"https:\/\/agora.xtec.cat\/escolaboragran\/wp-json\/wp\/v2\/comments?post=1448"}],"version-history":[{"count":3,"href":"https:\/\/agora.xtec.cat\/escolaboragran\/wp-json\/wp\/v2\/posts\/1448\/revisions"}],"predecessor-version":[{"id":1456,"href":"https:\/\/agora.xtec.cat\/escolaboragran\/wp-json\/wp\/v2\/posts\/1448\/revisions\/1456"}],"wp:attachment":[{"href":"https:\/\/agora.xtec.cat\/escolaboragran\/wp-json\/wp\/v2\/media?parent=1448"}],"wp:term":[{"taxonomy":"category","embeddable":true,"href":"https:\/\/agora.xtec.cat\/escolaboragran\/wp-json\/wp\/v2\/categories?post=1448"},{"taxonomy":"post_tag","embeddable":true,"href":"https:\/\/agora.xtec.cat\/escolaboragran\/wp-json\/wp\/v2\/tags?post=1448"}],"curies":[{"name":"wp","href":"https:\/\/api.w.org\/{rel}","templated":true}]}}