{"id":1395,"date":"2018-02-21T13:13:25","date_gmt":"2018-02-21T12:13:25","guid":{"rendered":"http:\/\/agora.xtec.cat\/escolaboragran\/?p=1395"},"modified":"2018-03-19T21:26:34","modified_gmt":"2018-03-19T20:26:34","slug":"palau-de-la-musica-catalana","status":"publish","type":"post","link":"https:\/\/agora.xtec.cat\/escolaboragran\/5e-6e\/palau-de-la-musica-catalana\/","title":{"rendered":"Palau de la M\u00fasica Catalana"},"content":{"rendered":"<p style=\"text-align: justify;\">Els de 5\u00e8 i 6\u00e8 vam anar a Barcelona a visitar el Palau de la M\u00fasica Catalana que ens va impressionar molt, tant la construcci\u00f3 con les formes i els colors dels vitralls i les dimensions.<br \/>\nA l\u2019auditori del Palau vam escoltar una audici\u00f3 de jazz i vam descobrir el concepte de swing que ens va fer vibrar a tots i totes. Tot amb la participaci\u00f3 de 23 actors i m\u00fasics.<br \/>\nAl mig dia tot caminant vam anar al parc de la Ciutadella, on vam dinar i jugar. Vam tenir un dia molt assolellat i tot va anar molt b\u00e9.<\/p>\n<p><a href=\"https:\/\/photos.google.com\/share\/AF1QipMWpGgpT2blgSiNIl97hk6v3_tm1VnYlvrXKtjYkLA-6lefPbGRw5F8IWfjPmW6WA\/photo\/AF1QipN9wDBbv0WDwwx6Z9vN1aUbZ_lWN_yR44P7djoE?key=TjlOVGJ0dHlwYl9ibGlQbElhdDZoaFNjUENmUmVR&amp;hl=ca\" target=\"_blank\" rel=\"noopener noreferrer\"><img decoding=\"async\" class=\"aligncenter\" style=\"max-width: 300px; max-height: 300px;\" src=\"https:\/\/lh3.googleusercontent.com\/QABVgdB-qKYSc-lBqT_3P1BLRvi_dCkCYYALuqoDGAAOpwW9tK9x0Bw-PNFKdGAzh7zIlRSIZCBDDK9WQKvmbhoWpz4THJ_Meso0rQ7ov87FrkVEm7ot9oGrzCVH6L5gWSg1PVgwR2leXmLTAtlzCgCvxRE97c2HLqZDFm03AjUOvZu4y4pIls_HCI3YYJNA1ezMpnVQUAvkP-n6sFZdxUJGGVMbAdTUfyjJD7dYAZBYZW8wxaMpYHCGkeBLSBRyw-EjjjvBOMBovV2Ml0Jrg5lfY71mfDAfrTXpZX9cTzQfD7tcrlMfuveXjbM9nkBZeixqvMwrA_dB4fHANTTEx9y8rjb_lYSv8ZxM1CAKzuRXq44nSdTxf6h1PUh8RVoi-A2R3rrj9yo0Oc7c2lKjszhzZSJcqH4m1fyzB2imGJCFjf4OIT0xi4pZeaubgLRL2qTyN7hh4pY60chxCeQfzCVqrFmnPQ1dfYcM8peUoOZj1z9xJgFHcFp0-DEIN6zs04povlJOzSfd0bbNmTiRANG6KFFg6QnrpOyI-pCgUh78qyCJF9mefBePSXCEkCY1ldU4SdiNyS1JEQc9rk-0VLcMTDiTTmkE1zmtoioZjlD4H2BCZfoWRHnqcXlMXo7PtIBDaRDEcm0wxRPtvj9CxsCAX3rIO5prdg=w800-h600-no\" \/><\/a><\/p>\n","protected":false},"excerpt":{"rendered":"<p>Els de 5\u00e8 i 6\u00e8 vam anar a Barcelona a visitar el Palau de la M\u00fasica Catalana que ens va impressionar molt, tant la construcci\u00f3 con les formes i els colors dels vitralls i les dimensions. A l\u2019auditori del Palau vam escoltar una audici\u00f3 de jazz i vam descobrir el concepte de swing que ens [&hellip;]<\/p>\n","protected":false},"author":4,"featured_media":0,"comment_status":"closed","ping_status":"closed","sticky":false,"template":"","format":"standard","meta":{"_bbp_topic_count":0,"_bbp_reply_count":0,"_bbp_total_topic_count":0,"_bbp_total_reply_count":0,"_bbp_voice_count":0,"_bbp_anonymous_reply_count":0,"_bbp_topic_count_hidden":0,"_bbp_reply_count_hidden":0,"_bbp_forum_subforum_count":0,"site-sidebar-layout":"default","site-content-layout":"","ast-site-content-layout":"","site-content-style":"default","site-sidebar-style":"default","ast-global-header-display":"","ast-banner-title-visibility":"","ast-main-header-display":"","ast-hfb-above-header-display":"","ast-hfb-below-header-display":"","ast-hfb-mobile-header-display":"","site-post-title":"","ast-breadcrumbs-content":"","ast-featured-img":"","footer-sml-layout":"","theme-transparent-header-meta":"","adv-header-id-meta":"","stick-header-meta":"","header-above-stick-meta":"","header-main-stick-meta":"","header-below-stick-meta":"","astra-migrate-meta-layouts":"default","ast-page-background-enabled":"default","ast-page-background-meta":{"desktop":{"background-color":"var(--ast-global-color-4)","background-image":"","background-repeat":"repeat","background-position":"center center","background-size":"auto","background-attachment":"scroll","background-type":"","background-media":"","overlay-type":"","overlay-color":"","overlay-opacity":"","overlay-gradient":""},"tablet":{"background-color":"","background-image":"","background-repeat":"repeat","background-position":"center center","background-size":"auto","background-attachment":"scroll","background-type":"","background-media":"","overlay-type":"","overlay-color":"","overlay-opacity":"","overlay-gradient":""},"mobile":{"background-color":"","background-image":"","background-repeat":"repeat","background-position":"center center","background-size":"auto","background-attachment":"scroll","background-type":"","background-media":"","overlay-type":"","overlay-color":"","overlay-opacity":"","overlay-gradient":""}},"ast-content-background-meta":{"desktop":{"background-color":"var(--ast-global-color-5)","background-image":"","background-repeat":"repeat","background-position":"center center","background-size":"auto","background-attachment":"scroll","background-type":"","background-media":"","overlay-type":"","overlay-color":"","overlay-opacity":"","overlay-gradient":""},"tablet":{"background-color":"var(--ast-global-color-5)","background-image":"","background-repeat":"repeat","background-position":"center center","background-size":"auto","background-attachment":"scroll","background-type":"","background-media":"","overlay-type":"","overlay-color":"","overlay-opacity":"","overlay-gradient":""},"mobile":{"background-color":"var(--ast-global-color-5)","background-image":"","background-repeat":"repeat","background-position":"center center","background-size":"auto","background-attachment":"scroll","background-type":"","background-media":"","overlay-type":"","overlay-color":"","overlay-opacity":"","overlay-gradient":""}},"footnotes":""},"categories":[9],"tags":[],"class_list":["post-1395","post","type-post","status-publish","format-standard","hentry","category-5e-6e"],"post_mailing_queue_ids":[],"_links":{"self":[{"href":"https:\/\/agora.xtec.cat\/escolaboragran\/wp-json\/wp\/v2\/posts\/1395","targetHints":{"allow":["GET"]}}],"collection":[{"href":"https:\/\/agora.xtec.cat\/escolaboragran\/wp-json\/wp\/v2\/posts"}],"about":[{"href":"https:\/\/agora.xtec.cat\/escolaboragran\/wp-json\/wp\/v2\/types\/post"}],"author":[{"embeddable":true,"href":"https:\/\/agora.xtec.cat\/escolaboragran\/wp-json\/wp\/v2\/users\/4"}],"replies":[{"embeddable":true,"href":"https:\/\/agora.xtec.cat\/escolaboragran\/wp-json\/wp\/v2\/comments?post=1395"}],"version-history":[{"count":3,"href":"https:\/\/agora.xtec.cat\/escolaboragran\/wp-json\/wp\/v2\/posts\/1395\/revisions"}],"predecessor-version":[{"id":1531,"href":"https:\/\/agora.xtec.cat\/escolaboragran\/wp-json\/wp\/v2\/posts\/1395\/revisions\/1531"}],"wp:attachment":[{"href":"https:\/\/agora.xtec.cat\/escolaboragran\/wp-json\/wp\/v2\/media?parent=1395"}],"wp:term":[{"taxonomy":"category","embeddable":true,"href":"https:\/\/agora.xtec.cat\/escolaboragran\/wp-json\/wp\/v2\/categories?post=1395"},{"taxonomy":"post_tag","embeddable":true,"href":"https:\/\/agora.xtec.cat\/escolaboragran\/wp-json\/wp\/v2\/tags?post=1395"}],"curies":[{"name":"wp","href":"https:\/\/api.w.org\/{rel}","templated":true}]}}