{"id":1278,"date":"2018-02-02T14:01:29","date_gmt":"2018-02-02T13:01:29","guid":{"rendered":"http:\/\/agora.xtec.cat\/escolaboragran\/?p=1278"},"modified":"2018-02-08T13:53:28","modified_gmt":"2018-02-08T12:53:28","slug":"celebrem-la-festa-de-la-pau","status":"publish","type":"post","link":"https:\/\/agora.xtec.cat\/escolaboragran\/assemblees\/celebrem-la-festa-de-la-pau\/","title":{"rendered":"Celebrem la festa de la Pau"},"content":{"rendered":"<p style=\"text-align: justify;\">El dimarts 30 de gener els alumnes de 6\u00e8 vam presentar l\u2019assemblea de la Pau davant tota l\u2019escola.<br \/>\nValorem l\u2019assemblea con un repte dif\u00edcil, per\u00f2 ho hem aconseguit. L\u2019experi\u00e8ncia ha valgut la pena.<br \/>\nHem donat una pissarra a cada curs perqu\u00e8 tots els alumnes ho puguin treballar a les aules i despr\u00e9s podrem fer una conclusi\u00f3 general de tota l\u2019escola.<\/p>\n<p><a href=\"https:\/\/photos.google.com\/share\/AF1QipOiS2vGkwrO5R3QZyXcHjpPflhjK1iQB19LqvMTqmEdWKiCKyhyPsIT0UtqpR8ZUw\/photo\/AF1QipO4yOah9-c1bsy5M5pcNCLVk2z1pzXTLJsqrrnp?key=QkprNjc1SzlQT0RYdUs2QmpXZEtSYnE5R2pMdVpB\" target=\"_blank\" rel=\"noopener noreferrer\"><img decoding=\"async\" class=\"aligncenter\" style=\"max-width: 300px; max-height: 300px;\" src=\"https:\/\/lh3.googleusercontent.com\/g3ttOseMayoPO0_eeRsl4AZNtt5jZ4nbKfNrx6oZ3x4JoukhbcXoRByRZK-XUPjuECyrCPf0m_FBNhB5Fzf8K5IxMfeiDwNFDzc7fQ4-lOLJYbOSStklhQUyxg8hx5ZVje8W1JpF7KMXNGp4eO94Np49u37HiJBt3IKNFXAnEjXCMAx9gpF3XV7-rWwmmc4jOjh-VZ8nkt6cmHpH9JOHGIAatazHqcxDonvb_WGMttPttQ6xt-MPbKczV2L3nV_5FJUmgZEQE-7K61qTdnJ7ZIbsZPWeoMECNdAmEiv3nlx06vuWiIaXbXx1vrIfnu0ttFXffdbbpD6GQnddlXiR9dNjcce4p3VTyRFqlRE-Ms9NQFQVhwoaTBR8gWq5inhUSWOuStW72c4UvoOsX4PEEh4zk6TUagpmB5l046haglK-s-e4PvwYxkc4ZM_VIDyB74HMNd0sD5y_Y3E-YQyFZorNaVfbu1Y19zNTbVPenzmukflxZRv3hhMoqe80EH0IowsmAzcXZRhQV_qYDsUFxekgUuE1Zvr2KXlgBlsD_-9FMy1Nk7ZoZAMP2a9m9CTEhnuqJjeKJPp4ruVLgxl9KKQ5C_uub-Oi-2QMEP2AnX8E2T_ZUoi1CpMGj1aSaK25U-eCrdyWB-73HkJTHRYlviRVLT4LxyWEUA=w800-h600-no\" \/><\/a><\/p>\n","protected":false},"excerpt":{"rendered":"<p>El dimarts 30 de gener els alumnes de 6\u00e8 vam presentar l\u2019assemblea de la Pau davant tota l\u2019escola. Valorem l\u2019assemblea con un repte dif\u00edcil, per\u00f2 ho hem aconseguit. L\u2019experi\u00e8ncia ha valgut la pena. Hem donat una pissarra a cada curs perqu\u00e8 tots els alumnes ho puguin treballar a les aules i despr\u00e9s podrem fer una [&hellip;]<\/p>\n","protected":false},"author":4,"featured_media":0,"comment_status":"closed","ping_status":"closed","sticky":false,"template":"","format":"standard","meta":{"_bbp_topic_count":0,"_bbp_reply_count":0,"_bbp_total_topic_count":0,"_bbp_total_reply_count":0,"_bbp_voice_count":0,"_bbp_anonymous_reply_count":0,"_bbp_topic_count_hidden":0,"_bbp_reply_count_hidden":0,"_bbp_forum_subforum_count":0,"site-sidebar-layout":"default","site-content-layout":"","ast-site-content-layout":"","site-content-style":"default","site-sidebar-style":"default","ast-global-header-display":"","ast-banner-title-visibility":"","ast-main-header-display":"","ast-hfb-above-header-display":"","ast-hfb-below-header-display":"","ast-hfb-mobile-header-display":"","site-post-title":"","ast-breadcrumbs-content":"","ast-featured-img":"","footer-sml-layout":"","theme-transparent-header-meta":"","adv-header-id-meta":"","stick-header-meta":"","header-above-stick-meta":"","header-main-stick-meta":"","header-below-stick-meta":"","astra-migrate-meta-layouts":"default","ast-page-background-enabled":"default","ast-page-background-meta":{"desktop":{"background-color":"var(--ast-global-color-4)","background-image":"","background-repeat":"repeat","background-position":"center center","background-size":"auto","background-attachment":"scroll","background-type":"","background-media":"","overlay-type":"","overlay-color":"","overlay-opacity":"","overlay-gradient":""},"tablet":{"background-color":"","background-image":"","background-repeat":"repeat","background-position":"center center","background-size":"auto","background-attachment":"scroll","background-type":"","background-media":"","overlay-type":"","overlay-color":"","overlay-opacity":"","overlay-gradient":""},"mobile":{"background-color":"","background-image":"","background-repeat":"repeat","background-position":"center center","background-size":"auto","background-attachment":"scroll","background-type":"","background-media":"","overlay-type":"","overlay-color":"","overlay-opacity":"","overlay-gradient":""}},"ast-content-background-meta":{"desktop":{"background-color":"var(--ast-global-color-5)","background-image":"","background-repeat":"repeat","background-position":"center center","background-size":"auto","background-attachment":"scroll","background-type":"","background-media":"","overlay-type":"","overlay-color":"","overlay-opacity":"","overlay-gradient":""},"tablet":{"background-color":"var(--ast-global-color-5)","background-image":"","background-repeat":"repeat","background-position":"center center","background-size":"auto","background-attachment":"scroll","background-type":"","background-media":"","overlay-type":"","overlay-color":"","overlay-opacity":"","overlay-gradient":""},"mobile":{"background-color":"var(--ast-global-color-5)","background-image":"","background-repeat":"repeat","background-position":"center center","background-size":"auto","background-attachment":"scroll","background-type":"","background-media":"","overlay-type":"","overlay-color":"","overlay-opacity":"","overlay-gradient":""}},"footnotes":""},"categories":[59],"tags":[],"class_list":["post-1278","post","type-post","status-publish","format-standard","hentry","category-assemblees"],"post_mailing_queue_ids":[],"_links":{"self":[{"href":"https:\/\/agora.xtec.cat\/escolaboragran\/wp-json\/wp\/v2\/posts\/1278","targetHints":{"allow":["GET"]}}],"collection":[{"href":"https:\/\/agora.xtec.cat\/escolaboragran\/wp-json\/wp\/v2\/posts"}],"about":[{"href":"https:\/\/agora.xtec.cat\/escolaboragran\/wp-json\/wp\/v2\/types\/post"}],"author":[{"embeddable":true,"href":"https:\/\/agora.xtec.cat\/escolaboragran\/wp-json\/wp\/v2\/users\/4"}],"replies":[{"embeddable":true,"href":"https:\/\/agora.xtec.cat\/escolaboragran\/wp-json\/wp\/v2\/comments?post=1278"}],"version-history":[{"count":3,"href":"https:\/\/agora.xtec.cat\/escolaboragran\/wp-json\/wp\/v2\/posts\/1278\/revisions"}],"predecessor-version":[{"id":1298,"href":"https:\/\/agora.xtec.cat\/escolaboragran\/wp-json\/wp\/v2\/posts\/1278\/revisions\/1298"}],"wp:attachment":[{"href":"https:\/\/agora.xtec.cat\/escolaboragran\/wp-json\/wp\/v2\/media?parent=1278"}],"wp:term":[{"taxonomy":"category","embeddable":true,"href":"https:\/\/agora.xtec.cat\/escolaboragran\/wp-json\/wp\/v2\/categories?post=1278"},{"taxonomy":"post_tag","embeddable":true,"href":"https:\/\/agora.xtec.cat\/escolaboragran\/wp-json\/wp\/v2\/tags?post=1278"}],"curies":[{"name":"wp","href":"https:\/\/api.w.org\/{rel}","templated":true}]}}