{"id":1240,"date":"2018-01-26T13:23:27","date_gmt":"2018-01-26T12:23:27","guid":{"rendered":"http:\/\/agora.xtec.cat\/escolaboragran\/?p=1240"},"modified":"2018-03-20T23:21:22","modified_gmt":"2018-03-20T22:21:22","slug":"sortida-al-riu-4t","status":"publish","type":"post","link":"https:\/\/agora.xtec.cat\/escolaboragran\/coneixemserinya\/sortida-al-riu-4t\/","title":{"rendered":"Sortida al riu"},"content":{"rendered":"<p><a href=\"https:\/\/photos.google.com\/share\/AF1QipMk2r_PsbgS7niCNVHTRevM6HnXr2oLic_VYroyKf1oYYw8DU8fuIUid2sECoQE7Q\/photo\/AF1QipMIVQFTdXOSr4t-UzKMRfzxSBDy-bUDPjzVSD4M?key=Y0JsMUxISEdmc3ZES2xBazNXZUE3LTRLblZrRlVR\" target=\"_blank\" rel=\"noopener noreferrer\"><img loading=\"lazy\" decoding=\"async\" class=\"SzDcob aligncenter\" src=\"https:\/\/lh3.googleusercontent.com\/hBHdoWTM0ic__pNn8LdrWKVGgTjiuTJ6IAxwX3rNyeWRmF-vebkkKhTVQuNk2HsqhR1fpz1W_M9sMVXivflSSb7mrliqpH0Eeg2VPqmS4zrBcgsyHN6Q-Wf-M9IwAf6K88xtZajvelByO0fQqSvLxmsUxYAJu6qJG9i0n--tfRVSS2xj6QnMiUOz5Q92Tz_3HPumNp-frwvP1ad6hZ9ycY5Fmo2DK5Vxh0n7NV5Mf_YIErTudoKiPTmIpHPw2A9jZ2dhso-15GYSBKEMw0D6XnhySwR4Ov3MKQly84A5T4XKBLlEW7F9DHaCm14pK3J0rfafnQzn1AEawp2W4AacRi1keduj5cjWxRvPAjiVAZTGi6ifP_o9z3EfhhVibd2V5XJgIpDHF0BestdfBLK-SLqWYoA8_Jv9fx-FfIGRIA1g2XlcxwHTQGnU54azYtMusDdAuDPWLeMD0vkSEGzPBWIuUHWC8_LCo2Vb4kLK29RIfNy3mFu3Fd-hVR9p_nvDgBPUv06g7DiPPs7-r_ETue68GXyeYJo8fTm1bwN5xB-0K0ni1dyXzPghB-4G_AnWB3NmgiYPVPrioeMYZZwKyjpUBZgjZ94B_iLp2v1Y4WVpbclEbCabOBjdE94rRZNyt6J0O9Cb2LAA0xFCzPKSXXKDcFB3pmSG1Q=w622-h467-no\" width=\"300\" height=\"300\" \/><\/a><\/p>\n<p style=\"text-align: justify;\">Els alumnes de 4t vam fer una sortida per observar diferents elements del relleu que ens envolta.<br \/>\nVam veure la desembocadura del Serinyadell al riu Ser. Vam observar l\u2019estat de la seva aigua i vam contemplar la serralada del Pirineu, Pre-Pirineu i algunes muntanyes com la Mare de D\u00e9u del Mont. Vam anar trobant elements no naturals que fa molt temps eren importants: el pou de gla\u00e7 o la central hidroel\u00e8ctrica. Va ser una sortida molt interessant i estem encuriosits per saber perqu\u00e8 el Serinyadell baixa brut despr\u00e9s de passar per la depuradora. \u00c9s per aix\u00f2 que properament anirem a visitar la depuradora per aclarir els dubtes que tenim.<\/p>\n","protected":false},"excerpt":{"rendered":"<p>Els alumnes de 4t vam fer una sortida per observar diferents elements del relleu que ens envolta. Vam veure la desembocadura del Serinyadell al riu Ser. Vam observar l\u2019estat de la seva aigua i vam contemplar la serralada del Pirineu, Pre-Pirineu i algunes muntanyes com la Mare de D\u00e9u del Mont. Vam anar trobant elements [&hellip;]<\/p>\n","protected":false},"author":1,"featured_media":0,"comment_status":"closed","ping_status":"closed","sticky":false,"template":"","format":"standard","meta":{"_bbp_topic_count":0,"_bbp_reply_count":0,"_bbp_total_topic_count":0,"_bbp_total_reply_count":0,"_bbp_voice_count":0,"_bbp_anonymous_reply_count":0,"_bbp_topic_count_hidden":0,"_bbp_reply_count_hidden":0,"_bbp_forum_subforum_count":0,"site-sidebar-layout":"default","site-content-layout":"","ast-site-content-layout":"","site-content-style":"default","site-sidebar-style":"default","ast-global-header-display":"","ast-banner-title-visibility":"","ast-main-header-display":"","ast-hfb-above-header-display":"","ast-hfb-below-header-display":"","ast-hfb-mobile-header-display":"","site-post-title":"","ast-breadcrumbs-content":"","ast-featured-img":"","footer-sml-layout":"","theme-transparent-header-meta":"","adv-header-id-meta":"","stick-header-meta":"","header-above-stick-meta":"","header-main-stick-meta":"","header-below-stick-meta":"","astra-migrate-meta-layouts":"default","ast-page-background-enabled":"default","ast-page-background-meta":{"desktop":{"background-color":"var(--ast-global-color-4)","background-image":"","background-repeat":"repeat","background-position":"center center","background-size":"auto","background-attachment":"scroll","background-type":"","background-media":"","overlay-type":"","overlay-color":"","overlay-opacity":"","overlay-gradient":""},"tablet":{"background-color":"","background-image":"","background-repeat":"repeat","background-position":"center center","background-size":"auto","background-attachment":"scroll","background-type":"","background-media":"","overlay-type":"","overlay-color":"","overlay-opacity":"","overlay-gradient":""},"mobile":{"background-color":"","background-image":"","background-repeat":"repeat","background-position":"center center","background-size":"auto","background-attachment":"scroll","background-type":"","background-media":"","overlay-type":"","overlay-color":"","overlay-opacity":"","overlay-gradient":""}},"ast-content-background-meta":{"desktop":{"background-color":"var(--ast-global-color-5)","background-image":"","background-repeat":"repeat","background-position":"center center","background-size":"auto","background-attachment":"scroll","background-type":"","background-media":"","overlay-type":"","overlay-color":"","overlay-opacity":"","overlay-gradient":""},"tablet":{"background-color":"var(--ast-global-color-5)","background-image":"","background-repeat":"repeat","background-position":"center center","background-size":"auto","background-attachment":"scroll","background-type":"","background-media":"","overlay-type":"","overlay-color":"","overlay-opacity":"","overlay-gradient":""},"mobile":{"background-color":"var(--ast-global-color-5)","background-image":"","background-repeat":"repeat","background-position":"center center","background-size":"auto","background-attachment":"scroll","background-type":"","background-media":"","overlay-type":"","overlay-color":"","overlay-opacity":"","overlay-gradient":""}},"footnotes":""},"categories":[60],"tags":[],"class_list":["post-1240","post","type-post","status-publish","format-standard","hentry","category-coneixemserinya"],"post_mailing_queue_ids":[],"_links":{"self":[{"href":"https:\/\/agora.xtec.cat\/escolaboragran\/wp-json\/wp\/v2\/posts\/1240","targetHints":{"allow":["GET"]}}],"collection":[{"href":"https:\/\/agora.xtec.cat\/escolaboragran\/wp-json\/wp\/v2\/posts"}],"about":[{"href":"https:\/\/agora.xtec.cat\/escolaboragran\/wp-json\/wp\/v2\/types\/post"}],"author":[{"embeddable":true,"href":"https:\/\/agora.xtec.cat\/escolaboragran\/wp-json\/wp\/v2\/users\/1"}],"replies":[{"embeddable":true,"href":"https:\/\/agora.xtec.cat\/escolaboragran\/wp-json\/wp\/v2\/comments?post=1240"}],"version-history":[{"count":3,"href":"https:\/\/agora.xtec.cat\/escolaboragran\/wp-json\/wp\/v2\/posts\/1240\/revisions"}],"predecessor-version":[{"id":1264,"href":"https:\/\/agora.xtec.cat\/escolaboragran\/wp-json\/wp\/v2\/posts\/1240\/revisions\/1264"}],"wp:attachment":[{"href":"https:\/\/agora.xtec.cat\/escolaboragran\/wp-json\/wp\/v2\/media?parent=1240"}],"wp:term":[{"taxonomy":"category","embeddable":true,"href":"https:\/\/agora.xtec.cat\/escolaboragran\/wp-json\/wp\/v2\/categories?post=1240"},{"taxonomy":"post_tag","embeddable":true,"href":"https:\/\/agora.xtec.cat\/escolaboragran\/wp-json\/wp\/v2\/tags?post=1240"}],"curies":[{"name":"wp","href":"https:\/\/api.w.org\/{rel}","templated":true}]}}