{"id":1218,"date":"2018-01-21T21:03:12","date_gmt":"2018-01-21T20:03:12","guid":{"rendered":"http:\/\/agora.xtec.cat\/escolaboragran\/?p=1218"},"modified":"2018-02-02T14:06:55","modified_gmt":"2018-02-02T13:06:55","slug":"fem-lectura-en-veu-alta","status":"publish","type":"post","link":"https:\/\/agora.xtec.cat\/escolaboragran\/llegim-i-escrivim\/fem-lectura-en-veu-alta\/","title":{"rendered":"Fem lectura en veu alta"},"content":{"rendered":"<p style=\"text-align: justify;\">Els nens i nenes de 5\u00e8 hem comen\u00e7at a fer petites sessions de lectura en veu alta als nens i nenes de cicle mitj\u00e0. Primer hem preparat el que llegirem, i quan hem considerat que ho f\u00e8iem molt b\u00e9, hem entrat a l\u2019aula de 4t. Ens han escoltat amb molt d\u2019inter\u00e8s!!<\/p>\n<p><a href=\"https:\/\/photos.google.com\/share\/AF1QipNq_4NBv-zNvKjIzecsFOlpLbqjINZPoBnXDKUCd4ms4-mF_zIn0gggc6HN_cv-Dw\/photo\/AF1QipM5FjntUc_xv6FS_wy3jznCshk79d6awGWlWsrn?key=YkdyTHlVME9DaW1ncnVQMHZBa3RHR2pUUFVQalFn\" target=\"_blank\" rel=\"noopener noreferrer\"><img decoding=\"async\" class=\"aligncenter\" style=\"max-width: 300px; max-height: 300px;\" src=\"https:\/\/lh3.googleusercontent.com\/dYzDn33oRK2xriGoZv3v_F2MiEetP1vXQ0qzh9QIlI6fZSi3SL_HF7afH9tKmw977rnPy9pYfllqqI0_5I5_K8DxnXMZuB4YNkPctrpX4A6ePI2azIy25e_zktqkd0btYoUnxbncEvdJ-eLw79M5WLUSQCrWNdB8fq95uDvd0RhOXFU2w1xlKMoBllCqY8Ov95wkpqy7sr5RmAb-LAGRkOwHG701DEMDlXGCnlJx9FU0X-COlf3nJqcithiSlofFEsNRoct2I_s60RDKlPGcS0IQ7BCKegrJQcaEMt8Nq2pDdmb95nhURDBzZ5z9YtL87CDNVQgvUOBsAbAsKqNVFH90gR93U3iq6nib3IKJnGfq3pnFYl11uTofbKXQBgQKf4PNLhNzDnTwPyzLsZ3Pt9dg2Kkq-pje0Yl0Qqv4XT6RAwaY6wpVACSsqr1W00fhFXG65C2aeHoU5KhaZi0JYathpu6f98vu0znJ2yH9xOmK5otHm1mgj-ZXAP5bzYftRPDf4mLhYwyZHIkkL0XF5GZr-UsgxEo-XTEKl4KCLhmb7aFPuMzOeeGs0A3pf1MWq_uSaw4yLLiGzcv1qhp01II5A25XcBMziS40he2QJFswsREHUz6hIKqv7RhraKas9QT6vblfULKdQLbIhJvnUlYlSyzpaA7ekQ=w800-h600-no\" \/><\/a><\/p>\n","protected":false},"excerpt":{"rendered":"<p>Els nens i nenes de 5\u00e8 hem comen\u00e7at a fer petites sessions de lectura en veu alta als nens i nenes de cicle mitj\u00e0. Primer hem preparat el que llegirem, i quan hem considerat que ho f\u00e8iem molt b\u00e9, hem entrat a l\u2019aula de 4t. Ens han escoltat amb molt d\u2019inter\u00e8s!!<\/p>\n","protected":false},"author":4,"featured_media":0,"comment_status":"closed","ping_status":"closed","sticky":false,"template":"","format":"standard","meta":{"_bbp_topic_count":0,"_bbp_reply_count":0,"_bbp_total_topic_count":0,"_bbp_total_reply_count":0,"_bbp_voice_count":0,"_bbp_anonymous_reply_count":0,"_bbp_topic_count_hidden":0,"_bbp_reply_count_hidden":0,"_bbp_forum_subforum_count":0,"site-sidebar-layout":"default","site-content-layout":"","ast-site-content-layout":"","site-content-style":"default","site-sidebar-style":"default","ast-global-header-display":"","ast-banner-title-visibility":"","ast-main-header-display":"","ast-hfb-above-header-display":"","ast-hfb-below-header-display":"","ast-hfb-mobile-header-display":"","site-post-title":"","ast-breadcrumbs-content":"","ast-featured-img":"","footer-sml-layout":"","theme-transparent-header-meta":"","adv-header-id-meta":"","stick-header-meta":"","header-above-stick-meta":"","header-main-stick-meta":"","header-below-stick-meta":"","astra-migrate-meta-layouts":"default","ast-page-background-enabled":"default","ast-page-background-meta":{"desktop":{"background-color":"var(--ast-global-color-4)","background-image":"","background-repeat":"repeat","background-position":"center center","background-size":"auto","background-attachment":"scroll","background-type":"","background-media":"","overlay-type":"","overlay-color":"","overlay-opacity":"","overlay-gradient":""},"tablet":{"background-color":"","background-image":"","background-repeat":"repeat","background-position":"center center","background-size":"auto","background-attachment":"scroll","background-type":"","background-media":"","overlay-type":"","overlay-color":"","overlay-opacity":"","overlay-gradient":""},"mobile":{"background-color":"","background-image":"","background-repeat":"repeat","background-position":"center center","background-size":"auto","background-attachment":"scroll","background-type":"","background-media":"","overlay-type":"","overlay-color":"","overlay-opacity":"","overlay-gradient":""}},"ast-content-background-meta":{"desktop":{"background-color":"var(--ast-global-color-5)","background-image":"","background-repeat":"repeat","background-position":"center center","background-size":"auto","background-attachment":"scroll","background-type":"","background-media":"","overlay-type":"","overlay-color":"","overlay-opacity":"","overlay-gradient":""},"tablet":{"background-color":"var(--ast-global-color-5)","background-image":"","background-repeat":"repeat","background-position":"center center","background-size":"auto","background-attachment":"scroll","background-type":"","background-media":"","overlay-type":"","overlay-color":"","overlay-opacity":"","overlay-gradient":""},"mobile":{"background-color":"var(--ast-global-color-5)","background-image":"","background-repeat":"repeat","background-position":"center center","background-size":"auto","background-attachment":"scroll","background-type":"","background-media":"","overlay-type":"","overlay-color":"","overlay-opacity":"","overlay-gradient":""}},"footnotes":""},"categories":[61],"tags":[],"class_list":["post-1218","post","type-post","status-publish","format-standard","hentry","category-llegim-i-escrivim"],"post_mailing_queue_ids":[],"_links":{"self":[{"href":"https:\/\/agora.xtec.cat\/escolaboragran\/wp-json\/wp\/v2\/posts\/1218","targetHints":{"allow":["GET"]}}],"collection":[{"href":"https:\/\/agora.xtec.cat\/escolaboragran\/wp-json\/wp\/v2\/posts"}],"about":[{"href":"https:\/\/agora.xtec.cat\/escolaboragran\/wp-json\/wp\/v2\/types\/post"}],"author":[{"embeddable":true,"href":"https:\/\/agora.xtec.cat\/escolaboragran\/wp-json\/wp\/v2\/users\/4"}],"replies":[{"embeddable":true,"href":"https:\/\/agora.xtec.cat\/escolaboragran\/wp-json\/wp\/v2\/comments?post=1218"}],"version-history":[{"count":3,"href":"https:\/\/agora.xtec.cat\/escolaboragran\/wp-json\/wp\/v2\/posts\/1218\/revisions"}],"predecessor-version":[{"id":1224,"href":"https:\/\/agora.xtec.cat\/escolaboragran\/wp-json\/wp\/v2\/posts\/1218\/revisions\/1224"}],"wp:attachment":[{"href":"https:\/\/agora.xtec.cat\/escolaboragran\/wp-json\/wp\/v2\/media?parent=1218"}],"wp:term":[{"taxonomy":"category","embeddable":true,"href":"https:\/\/agora.xtec.cat\/escolaboragran\/wp-json\/wp\/v2\/categories?post=1218"},{"taxonomy":"post_tag","embeddable":true,"href":"https:\/\/agora.xtec.cat\/escolaboragran\/wp-json\/wp\/v2\/tags?post=1218"}],"curies":[{"name":"wp","href":"https:\/\/api.w.org\/{rel}","templated":true}]}}