{"id":1208,"date":"2018-01-17T00:05:32","date_gmt":"2018-01-16T23:05:32","guid":{"rendered":"http:\/\/agora.xtec.cat\/escolaboragran\/?p=1208"},"modified":"2018-02-02T14:02:12","modified_gmt":"2018-02-02T13:02:12","slug":"taller-de-teixir-bracalet-de-llana","status":"publish","type":"post","link":"https:\/\/agora.xtec.cat\/escolaboragran\/i3-i4-i5\/taller-de-teixir-bracalet-de-llana\/","title":{"rendered":"Taller de teixir: bra\u00e7alet de llana"},"content":{"rendered":"<p>Els nens i les nenes de P5, 1r i 2n es troben una tarda a la setmana per fer plegats diversos tallers. Un d&#8217;ells \u00e9s el taller de teixir i durant el primer trimestre van estar molt engrescats preparant un labori\u00f3s i vist\u00f3s bra\u00e7alet de llana.<\/p>\n<p><a href=\"https:\/\/photos.google.com\/share\/AF1QipPvYdjWYVQEv_UHWut-NXdH-eTXVz-JZfKjz4a3JqnyB2lg_MrB4g0k_FydGzb2sA\/photo\/AF1QipPiWaTV7QPcJC8FZJ0YM7Qfi1iYB9iZui4rHnSF?key=dDBDYU5uVy1NQkZyUGxsZnVqX2FBazdpUWRVN1Z3\" target=\"_blank\" rel=\"noopener noreferrer\"><img loading=\"lazy\" decoding=\"async\" class=\"aligncenter\" style=\"max-width: 300px; max-height: 300px;\" src=\"https:\/\/lh3.googleusercontent.com\/W0MopVFIWzKw3u97f6Xs2EEPlYV8D0TexlJ5y-tA8KaR25BG6foqsgL2rrwJnDvosSYjem0e1k-7fbrtBA5jg3PO_dHjL3DViTo-xDYDLd_hvWFiEyWjJgCz-gBC7ZmiV6kXzNQIImbMO8bHK_qkMH0f0xuGnsXB2odOVc6Fe-foirB8GmuuKyRyh5x8WM2ahaVAYpJBLZ9ou5kSZty7yFiIujwKXzl0Ot2TkjI3JWxUmLXArIewGltVEY0t2XGE_vkiaid-w9tsD8Vq78-fpjP_zp0B0depS39350X59nJhUpsan40dkgl5bcAU8d430BbzTD23dxj962Mx_J7ybFmmzm3DqcTZrmuQEYP123MrZkqj-xUP5b-As-oeuGY8xVO58xZEJ__MO80XnNo-Y3tgHAp21KQNMovhU5F6Ui5vqpJJFdeUd1HNTcDzuj_PqX5ozuW6bXPC5zL-k3uD-Y1D3EHOVoOXZxQhifPyFRFtIJ8Y5M5P4l39pnDSaCRKFxiM0Dx5ueSLQrrpEw0LzpU0fLqBcP-ZMpPHNPSm-odTCmu-yNLUQPb8sLJQSK655TDyscDVV3iTlhzUbPcpCnmZcjsZU1J4cUWxejtloKYL4Tl1Be8Ij04DN6ocPR-NCTfpNyrZgKBb7VdM0kdUH0vXi1O0SGY8cg=w800-h600-no\" alt=\"\" width=\"616\" height=\"462\" \/><\/a><\/p>\n","protected":false},"excerpt":{"rendered":"<p>Els nens i les nenes de P5, 1r i 2n es troben una tarda a la setmana per fer plegats diversos tallers. Un d&#8217;ells \u00e9s el taller de teixir i durant el primer trimestre van estar molt engrescats preparant un labori\u00f3s i vist\u00f3s bra\u00e7alet de llana.<\/p>\n","protected":false},"author":6,"featured_media":0,"comment_status":"closed","ping_status":"closed","sticky":false,"template":"","format":"standard","meta":{"_bbp_topic_count":0,"_bbp_reply_count":0,"_bbp_total_topic_count":0,"_bbp_total_reply_count":0,"_bbp_voice_count":0,"_bbp_anonymous_reply_count":0,"_bbp_topic_count_hidden":0,"_bbp_reply_count_hidden":0,"_bbp_forum_subforum_count":0,"site-sidebar-layout":"default","site-content-layout":"","ast-site-content-layout":"","site-content-style":"default","site-sidebar-style":"default","ast-global-header-display":"","ast-banner-title-visibility":"","ast-main-header-display":"","ast-hfb-above-header-display":"","ast-hfb-below-header-display":"","ast-hfb-mobile-header-display":"","site-post-title":"","ast-breadcrumbs-content":"","ast-featured-img":"","footer-sml-layout":"","theme-transparent-header-meta":"","adv-header-id-meta":"","stick-header-meta":"","header-above-stick-meta":"","header-main-stick-meta":"","header-below-stick-meta":"","astra-migrate-meta-layouts":"default","ast-page-background-enabled":"default","ast-page-background-meta":{"desktop":{"background-color":"var(--ast-global-color-4)","background-image":"","background-repeat":"repeat","background-position":"center center","background-size":"auto","background-attachment":"scroll","background-type":"","background-media":"","overlay-type":"","overlay-color":"","overlay-opacity":"","overlay-gradient":""},"tablet":{"background-color":"","background-image":"","background-repeat":"repeat","background-position":"center center","background-size":"auto","background-attachment":"scroll","background-type":"","background-media":"","overlay-type":"","overlay-color":"","overlay-opacity":"","overlay-gradient":""},"mobile":{"background-color":"","background-image":"","background-repeat":"repeat","background-position":"center center","background-size":"auto","background-attachment":"scroll","background-type":"","background-media":"","overlay-type":"","overlay-color":"","overlay-opacity":"","overlay-gradient":""}},"ast-content-background-meta":{"desktop":{"background-color":"var(--ast-global-color-5)","background-image":"","background-repeat":"repeat","background-position":"center center","background-size":"auto","background-attachment":"scroll","background-type":"","background-media":"","overlay-type":"","overlay-color":"","overlay-opacity":"","overlay-gradient":""},"tablet":{"background-color":"var(--ast-global-color-5)","background-image":"","background-repeat":"repeat","background-position":"center center","background-size":"auto","background-attachment":"scroll","background-type":"","background-media":"","overlay-type":"","overlay-color":"","overlay-opacity":"","overlay-gradient":""},"mobile":{"background-color":"var(--ast-global-color-5)","background-image":"","background-repeat":"repeat","background-position":"center center","background-size":"auto","background-attachment":"scroll","background-type":"","background-media":"","overlay-type":"","overlay-color":"","overlay-opacity":"","overlay-gradient":""}},"footnotes":""},"categories":[3,2],"tags":[],"class_list":["post-1208","post","type-post","status-publish","format-standard","hentry","category-1r-2n","category-i3-i4-i5"],"post_mailing_queue_ids":[],"_links":{"self":[{"href":"https:\/\/agora.xtec.cat\/escolaboragran\/wp-json\/wp\/v2\/posts\/1208","targetHints":{"allow":["GET"]}}],"collection":[{"href":"https:\/\/agora.xtec.cat\/escolaboragran\/wp-json\/wp\/v2\/posts"}],"about":[{"href":"https:\/\/agora.xtec.cat\/escolaboragran\/wp-json\/wp\/v2\/types\/post"}],"author":[{"embeddable":true,"href":"https:\/\/agora.xtec.cat\/escolaboragran\/wp-json\/wp\/v2\/users\/6"}],"replies":[{"embeddable":true,"href":"https:\/\/agora.xtec.cat\/escolaboragran\/wp-json\/wp\/v2\/comments?post=1208"}],"version-history":[{"count":3,"href":"https:\/\/agora.xtec.cat\/escolaboragran\/wp-json\/wp\/v2\/posts\/1208\/revisions"}],"predecessor-version":[{"id":1213,"href":"https:\/\/agora.xtec.cat\/escolaboragran\/wp-json\/wp\/v2\/posts\/1208\/revisions\/1213"}],"wp:attachment":[{"href":"https:\/\/agora.xtec.cat\/escolaboragran\/wp-json\/wp\/v2\/media?parent=1208"}],"wp:term":[{"taxonomy":"category","embeddable":true,"href":"https:\/\/agora.xtec.cat\/escolaboragran\/wp-json\/wp\/v2\/categories?post=1208"},{"taxonomy":"post_tag","embeddable":true,"href":"https:\/\/agora.xtec.cat\/escolaboragran\/wp-json\/wp\/v2\/tags?post=1208"}],"curies":[{"name":"wp","href":"https:\/\/api.w.org\/{rel}","templated":true}]}}