{"id":629,"date":"2018-05-14T14:21:56","date_gmt":"2018-05-14T12:21:56","guid":{"rendered":"http:\/\/agora.xtec.cat\/escolabonavista\/?p=629"},"modified":"2018-05-15T13:37:29","modified_gmt":"2018-05-15T11:37:29","slug":"english-week-2-0-2018","status":"publish","type":"post","link":"https:\/\/agora.xtec.cat\/escolabonavista\/general\/english-week-2-0-2018\/","title":{"rendered":"ENGLISH WEEK 2.0 2018"},"content":{"rendered":"<p>Durant tota aquesta setmana, a l&#8217;escola s&#8217;organitzen activitats en angl\u00e8s per tota la prim\u00e0ria. D&#8217;aquesta manera promovem l&#8217;\u00fas de l&#8217;angl\u00e8s en situacions m\u00e9s enll\u00e0 de l&#8217;aula i intercanviar experi\u00e8ncies amb d&#8217;altres escoles mitjan\u00e7ant les noves tecnologies.<br \/>\nEn aquest projecte participen l&#8217;escola Torreforta, Escola Campclar, l&#8217;Institut Escola Mediterrani i la nostra escola.<br \/>\nPer finalitzar aquest projecte en xarxa del barri de ponent, el divendres hi haur\u00e0 un acte de cloenda al centre c\u00edvic de Torreforta.<\/p>\n<p><a href=\"http:\/\/agora.xtec.cat\/escolabonavista\/wp-content\/uploads\/usu1811\/2018\/05\/english.jpg\"><img loading=\"lazy\" decoding=\"async\" class=\"size-full wp-image-648 aligncenter\" src=\"http:\/\/agora.xtec.cat\/escolabonavista\/wp-content\/uploads\/usu1811\/2018\/05\/english.jpg\" alt=\"\" width=\"302\" height=\"225\" srcset=\"https:\/\/agora.xtec.cat\/escolabonavista\/wp-content\/uploads\/usu1811\/2018\/05\/english.jpg 302w, https:\/\/agora.xtec.cat\/escolabonavista\/wp-content\/uploads\/usu1811\/2018\/05\/english-300x225.jpg 300w, https:\/\/agora.xtec.cat\/escolabonavista\/wp-content\/uploads\/usu1811\/2018\/05\/english-200x150.jpg 200w\" sizes=\"auto, (max-width: 302px) 100vw, 302px\" \/><\/a><\/p>\n","protected":false},"excerpt":{"rendered":"<p>Durant tota aquesta setmana, a l&#8217;escola s&#8217;organitzen activitats en angl\u00e8s per tota la prim\u00e0ria. D&#8217;aquesta manera promovem l&#8217;\u00fas de l&#8217;angl\u00e8s en situacions m\u00e9s enll\u00e0 de l&#8217;aula i intercanviar experi\u00e8ncies amb d&#8217;altres escoles mitjan\u00e7ant les noves tecnologies. En aquest projecte participen l&#8217;escola Torreforta, Escola Campclar, l&#8217;Institut Escola Mediterrani i la nostra escola. Per finalitzar aquest projecte [&hellip;]<\/p>\n","protected":false},"author":1,"featured_media":0,"comment_status":"open","ping_status":"closed","sticky":false,"template":"","format":"standard","meta":{"_bbp_topic_count":0,"_bbp_reply_count":0,"_bbp_total_topic_count":0,"_bbp_total_reply_count":0,"_bbp_voice_count":0,"_bbp_anonymous_reply_count":0,"_bbp_topic_count_hidden":0,"_bbp_reply_count_hidden":0,"_bbp_forum_subforum_count":0,"site-sidebar-layout":"default","site-content-layout":"","ast-site-content-layout":"","site-content-style":"default","site-sidebar-style":"default","ast-global-header-display":"","ast-banner-title-visibility":"","ast-main-header-display":"","ast-hfb-above-header-display":"","ast-hfb-below-header-display":"","ast-hfb-mobile-header-display":"","site-post-title":"","ast-breadcrumbs-content":"","ast-featured-img":"","footer-sml-layout":"","theme-transparent-header-meta":"","adv-header-id-meta":"","stick-header-meta":"","header-above-stick-meta":"","header-main-stick-meta":"","header-below-stick-meta":"","astra-migrate-meta-layouts":"default","ast-page-background-enabled":"default","ast-page-background-meta":{"desktop":{"background-color":"var(--ast-global-color-4)","background-image":"","background-repeat":"repeat","background-position":"center center","background-size":"auto","background-attachment":"scroll","background-type":"","background-media":"","overlay-type":"","overlay-color":"","overlay-opacity":"","overlay-gradient":""},"tablet":{"background-color":"","background-image":"","background-repeat":"repeat","background-position":"center center","background-size":"auto","background-attachment":"scroll","background-type":"","background-media":"","overlay-type":"","overlay-color":"","overlay-opacity":"","overlay-gradient":""},"mobile":{"background-color":"","background-image":"","background-repeat":"repeat","background-position":"center center","background-size":"auto","background-attachment":"scroll","background-type":"","background-media":"","overlay-type":"","overlay-color":"","overlay-opacity":"","overlay-gradient":""}},"ast-content-background-meta":{"desktop":{"background-color":"var(--ast-global-color-5)","background-image":"","background-repeat":"repeat","background-position":"center center","background-size":"auto","background-attachment":"scroll","background-type":"","background-media":"","overlay-type":"","overlay-color":"","overlay-opacity":"","overlay-gradient":""},"tablet":{"background-color":"var(--ast-global-color-5)","background-image":"","background-repeat":"repeat","background-position":"center center","background-size":"auto","background-attachment":"scroll","background-type":"","background-media":"","overlay-type":"","overlay-color":"","overlay-opacity":"","overlay-gradient":""},"mobile":{"background-color":"var(--ast-global-color-5)","background-image":"","background-repeat":"repeat","background-position":"center center","background-size":"auto","background-attachment":"scroll","background-type":"","background-media":"","overlay-type":"","overlay-color":"","overlay-opacity":"","overlay-gradient":""}},"footnotes":""},"categories":[10,11,12,13,14,15,1,4,5],"tags":[81,67,80],"class_list":["post-629","post","type-post","status-publish","format-standard","hentry","category-1r","category-2n","category-3r","category-4t","category-5e","category-6e","category-general","category-portada","category-primaria","tag-barris-de-ponent","tag-dep-angles","tag-primaria"],"post_mailing_queue_ids":[],"_links":{"self":[{"href":"https:\/\/agora.xtec.cat\/escolabonavista\/wp-json\/wp\/v2\/posts\/629","targetHints":{"allow":["GET"]}}],"collection":[{"href":"https:\/\/agora.xtec.cat\/escolabonavista\/wp-json\/wp\/v2\/posts"}],"about":[{"href":"https:\/\/agora.xtec.cat\/escolabonavista\/wp-json\/wp\/v2\/types\/post"}],"author":[{"embeddable":true,"href":"https:\/\/agora.xtec.cat\/escolabonavista\/wp-json\/wp\/v2\/users\/1"}],"replies":[{"embeddable":true,"href":"https:\/\/agora.xtec.cat\/escolabonavista\/wp-json\/wp\/v2\/comments?post=629"}],"version-history":[{"count":3,"href":"https:\/\/agora.xtec.cat\/escolabonavista\/wp-json\/wp\/v2\/posts\/629\/revisions"}],"predecessor-version":[{"id":650,"href":"https:\/\/agora.xtec.cat\/escolabonavista\/wp-json\/wp\/v2\/posts\/629\/revisions\/650"}],"wp:attachment":[{"href":"https:\/\/agora.xtec.cat\/escolabonavista\/wp-json\/wp\/v2\/media?parent=629"}],"wp:term":[{"taxonomy":"category","embeddable":true,"href":"https:\/\/agora.xtec.cat\/escolabonavista\/wp-json\/wp\/v2\/categories?post=629"},{"taxonomy":"post_tag","embeddable":true,"href":"https:\/\/agora.xtec.cat\/escolabonavista\/wp-json\/wp\/v2\/tags?post=629"}],"curies":[{"name":"wp","href":"https:\/\/api.w.org\/{rel}","templated":true}]}}