{"id":580,"date":"2018-04-16T14:03:14","date_gmt":"2018-04-16T12:03:14","guid":{"rendered":"http:\/\/agora.xtec.cat\/escolabonavista\/?p=580"},"modified":"2018-04-16T15:43:19","modified_gmt":"2018-04-16T13:43:19","slug":"la-canco-de-la-setmana","status":"publish","type":"post","link":"https:\/\/agora.xtec.cat\/escolabonavista\/general\/la-canco-de-la-setmana\/","title":{"rendered":"M\u00fasica de la setmana"},"content":{"rendered":"<p>Durant aquesta setmana a l&#8217;hora d&#8217;entrar i sortir a l&#8217;escola podrem escoltar la nova can\u00e7\u00f3 d&#8217;en<br \/>\nJoan Daus\u00e0 &#8220;La gran euf\u00f2ria&#8221;.<br \/>\nEsperem que us agradi!<\/p>\n<p><a href=\"http:\/\/agora.xtec.cat\/escolabonavista\/wp-content\/uploads\/usu1811\/2018\/04\/20140722102928-1.jpg\"><img loading=\"lazy\" decoding=\"async\" src=\"http:\/\/agora.xtec.cat\/escolabonavista\/wp-content\/uploads\/usu1811\/2018\/04\/20140722102928-1.jpg\" alt=\"\" width=\"747\" height=\"420\" class=\"alignnone size-full wp-image-583\" srcset=\"https:\/\/agora.xtec.cat\/escolabonavista\/wp-content\/uploads\/usu1811\/2018\/04\/20140722102928-1.jpg 747w, https:\/\/agora.xtec.cat\/escolabonavista\/wp-content\/uploads\/usu1811\/2018\/04\/20140722102928-1-300x169.jpg 300w\" sizes=\"auto, (max-width: 747px) 100vw, 747px\" \/><\/a><\/p>\n<div class=\"ast-oembed-container \" style=\"height: 100%;\"><iframe loading=\"lazy\" title=\"LA GRAN EUF\u00d2RIA (VIDEOCLIP OFICIAL) - JOAN DAUS\u00c0\" width=\"500\" height=\"281\" src=\"https:\/\/www.youtube.com\/embed\/U6aTHT2wIH8?feature=oembed\" frameborder=\"0\" allow=\"accelerometer; autoplay; clipboard-write; encrypted-media; gyroscope; picture-in-picture; web-share\" referrerpolicy=\"strict-origin-when-cross-origin\" allowfullscreen><\/iframe><\/div>\n<p>LLETRA JOAN DAUS\u00c0 LA GRAN EUF\u00d2RIA:<\/p>\n<p>Llen\u00e7a el davantal a l\u2019aire<br \/>\ni se\u2019n va cridant a casa.<br \/>\nBaixa, amor meu.<br \/>\nBaixa, amor meu,<br \/>\nque ja ens tocava.<\/p>\n<p>Surt volant el tap del cava,<br \/>\ni tothom s\u2019abra\u00e7a a taula.<br \/>\nBaixa, amor meu.<br \/>\nBaixa, amor meu,<br \/>\nque aix\u00f2 s\u2019acaba.<\/p>\n<p>S\u2019acaben les hores que mai no acaben,<br \/>\nels dies que despert\u00e0vem<br \/>\ntemptats de deixar-ho estar,<br \/>\n\u00e9s com si tot torn\u00e9s a lloc de cop.<\/p>\n<p>Una dona gran recorda<br \/>\nhaver viscut la gran euf\u00f2ria.<br \/>\nBaixa, amor meu.<br \/>\nBaixa, amor meu,<br \/>\nla vida \u00e9s nostra.<\/p>\n<p>S\u2019acaben les hores que mai no acaben,<br \/>\nels dies que despert\u00e0vem<br \/>\ntemptats de deixar-ho estar,<br \/>\n\u00e9s com si tot torn\u00e9s a lloc de cop.<\/p>\n","protected":false},"excerpt":{"rendered":"<p>Durant aquesta setmana a l&#8217;hora d&#8217;entrar i sortir a l&#8217;escola podrem escoltar la nova can\u00e7\u00f3 d&#8217;en Joan Daus\u00e0 &#8220;La gran euf\u00f2ria&#8221;. Esperem que us agradi! LLETRA JOAN DAUS\u00c0 LA GRAN EUF\u00d2RIA: Llen\u00e7a el davantal a l\u2019aire i se\u2019n va cridant a casa. Baixa, amor meu. Baixa, amor meu, que ja ens tocava. Surt volant el [&hellip;]<\/p>\n","protected":false},"author":1,"featured_media":582,"comment_status":"open","ping_status":"closed","sticky":false,"template":"","format":"standard","meta":{"_bbp_topic_count":0,"_bbp_reply_count":0,"_bbp_total_topic_count":0,"_bbp_total_reply_count":0,"_bbp_voice_count":0,"_bbp_anonymous_reply_count":0,"_bbp_topic_count_hidden":0,"_bbp_reply_count_hidden":0,"_bbp_forum_subforum_count":0,"site-sidebar-layout":"default","site-content-layout":"","ast-site-content-layout":"","site-content-style":"default","site-sidebar-style":"default","ast-global-header-display":"","ast-banner-title-visibility":"","ast-main-header-display":"","ast-hfb-above-header-display":"","ast-hfb-below-header-display":"","ast-hfb-mobile-header-display":"","site-post-title":"","ast-breadcrumbs-content":"","ast-featured-img":"","footer-sml-layout":"","theme-transparent-header-meta":"","adv-header-id-meta":"","stick-header-meta":"","header-above-stick-meta":"","header-main-stick-meta":"","header-below-stick-meta":"","astra-migrate-meta-layouts":"default","ast-page-background-enabled":"default","ast-page-background-meta":{"desktop":{"background-color":"var(--ast-global-color-4)","background-image":"","background-repeat":"repeat","background-position":"center center","background-size":"auto","background-attachment":"scroll","background-type":"","background-media":"","overlay-type":"","overlay-color":"","overlay-opacity":"","overlay-gradient":""},"tablet":{"background-color":"","background-image":"","background-repeat":"repeat","background-position":"center center","background-size":"auto","background-attachment":"scroll","background-type":"","background-media":"","overlay-type":"","overlay-color":"","overlay-opacity":"","overlay-gradient":""},"mobile":{"background-color":"","background-image":"","background-repeat":"repeat","background-position":"center center","background-size":"auto","background-attachment":"scroll","background-type":"","background-media":"","overlay-type":"","overlay-color":"","overlay-opacity":"","overlay-gradient":""}},"ast-content-background-meta":{"desktop":{"background-color":"var(--ast-global-color-5)","background-image":"","background-repeat":"repeat","background-position":"center center","background-size":"auto","background-attachment":"scroll","background-type":"","background-media":"","overlay-type":"","overlay-color":"","overlay-opacity":"","overlay-gradient":""},"tablet":{"background-color":"var(--ast-global-color-5)","background-image":"","background-repeat":"repeat","background-position":"center center","background-size":"auto","background-attachment":"scroll","background-type":"","background-media":"","overlay-type":"","overlay-color":"","overlay-opacity":"","overlay-gradient":""},"mobile":{"background-color":"var(--ast-global-color-5)","background-image":"","background-repeat":"repeat","background-position":"center center","background-size":"auto","background-attachment":"scroll","background-type":"","background-media":"","overlay-type":"","overlay-color":"","overlay-opacity":"","overlay-gradient":""}},"footnotes":""},"categories":[1,4],"tags":[68,66],"class_list":["post-580","post","type-post","status-publish","format-standard","has-post-thumbnail","hentry","category-general","category-portada","tag-dep-musica","tag-musica-de-la-setmana"],"post_mailing_queue_ids":[],"_links":{"self":[{"href":"https:\/\/agora.xtec.cat\/escolabonavista\/wp-json\/wp\/v2\/posts\/580","targetHints":{"allow":["GET"]}}],"collection":[{"href":"https:\/\/agora.xtec.cat\/escolabonavista\/wp-json\/wp\/v2\/posts"}],"about":[{"href":"https:\/\/agora.xtec.cat\/escolabonavista\/wp-json\/wp\/v2\/types\/post"}],"author":[{"embeddable":true,"href":"https:\/\/agora.xtec.cat\/escolabonavista\/wp-json\/wp\/v2\/users\/1"}],"replies":[{"embeddable":true,"href":"https:\/\/agora.xtec.cat\/escolabonavista\/wp-json\/wp\/v2\/comments?post=580"}],"version-history":[{"count":3,"href":"https:\/\/agora.xtec.cat\/escolabonavista\/wp-json\/wp\/v2\/posts\/580\/revisions"}],"predecessor-version":[{"id":585,"href":"https:\/\/agora.xtec.cat\/escolabonavista\/wp-json\/wp\/v2\/posts\/580\/revisions\/585"}],"wp:featuredmedia":[{"embeddable":true,"href":"https:\/\/agora.xtec.cat\/escolabonavista\/wp-json\/wp\/v2\/media\/582"}],"wp:attachment":[{"href":"https:\/\/agora.xtec.cat\/escolabonavista\/wp-json\/wp\/v2\/media?parent=580"}],"wp:term":[{"taxonomy":"category","embeddable":true,"href":"https:\/\/agora.xtec.cat\/escolabonavista\/wp-json\/wp\/v2\/categories?post=580"},{"taxonomy":"post_tag","embeddable":true,"href":"https:\/\/agora.xtec.cat\/escolabonavista\/wp-json\/wp\/v2\/tags?post=580"}],"curies":[{"name":"wp","href":"https:\/\/api.w.org\/{rel}","templated":true}]}}