{"id":2006,"date":"2019-04-24T09:05:50","date_gmt":"2019-04-24T07:05:50","guid":{"rendered":"http:\/\/agora.xtec.cat\/escolabonavista\/?p=2006"},"modified":"2019-05-02T15:30:04","modified_gmt":"2019-05-02T13:30:04","slug":"enhorabona-a-la-classe-de-1rb","status":"publish","type":"post","link":"https:\/\/agora.xtec.cat\/escolabonavista\/general\/enhorabona-a-la-classe-de-1rb\/","title":{"rendered":"Enhorabona a la classe de 1rB !!"},"content":{"rendered":"<p>Aquest trimestre, despr\u00e9s d&#8217;una lluita ajustada la classe de primer B s&#8217;al\u00e7at amb la vict\u00f2ria del Torneig d&#8217;Higiene Corporal d&#8217;educaci\u00f3 f\u00edsica del cicle inicial. Aquesta vegada ha sigut m\u00e9s dif\u00edcil ja qu\u00e9 gaireb\u00e9 totes les classes han millorat els seus resultats.<\/p>\n<p>Aconseguiran revalidar el seu titol al tercer trimestre? Al juny Ho sabrem!<a href=\"https:\/\/agora.xtec.cat\/escolabonavista\/wp-content\/uploads\/usu1811\/2019\/04\/foto.jpeg\"><img loading=\"lazy\" decoding=\"async\" class=\"aligncenter size-full wp-image-2007\" src=\"https:\/\/agora.xtec.cat\/escolabonavista\/wp-content\/uploads\/usu1811\/2019\/04\/foto.jpeg\" alt=\"\" width=\"1599\" height=\"1599\" srcset=\"https:\/\/agora.xtec.cat\/escolabonavista\/wp-content\/uploads\/usu1811\/2019\/04\/foto.jpeg 1599w, https:\/\/agora.xtec.cat\/escolabonavista\/wp-content\/uploads\/usu1811\/2019\/04\/foto-150x150.jpeg 150w, https:\/\/agora.xtec.cat\/escolabonavista\/wp-content\/uploads\/usu1811\/2019\/04\/foto-300x300.jpeg 300w, https:\/\/agora.xtec.cat\/escolabonavista\/wp-content\/uploads\/usu1811\/2019\/04\/foto-768x768.jpeg 768w, https:\/\/agora.xtec.cat\/escolabonavista\/wp-content\/uploads\/usu1811\/2019\/04\/foto-1024x1024.jpeg 1024w\" sizes=\"auto, (max-width: 1599px) 100vw, 1599px\" \/><\/a> <a href=\"https:\/\/agora.xtec.cat\/escolabonavista\/wp-content\/uploads\/usu1811\/2019\/04\/foto2.jpeg\"><img loading=\"lazy\" decoding=\"async\" class=\"aligncenter size-full wp-image-2008\" src=\"https:\/\/agora.xtec.cat\/escolabonavista\/wp-content\/uploads\/usu1811\/2019\/04\/foto2.jpeg\" alt=\"\" width=\"1599\" height=\"1599\" srcset=\"https:\/\/agora.xtec.cat\/escolabonavista\/wp-content\/uploads\/usu1811\/2019\/04\/foto2.jpeg 1599w, https:\/\/agora.xtec.cat\/escolabonavista\/wp-content\/uploads\/usu1811\/2019\/04\/foto2-150x150.jpeg 150w, https:\/\/agora.xtec.cat\/escolabonavista\/wp-content\/uploads\/usu1811\/2019\/04\/foto2-300x300.jpeg 300w, https:\/\/agora.xtec.cat\/escolabonavista\/wp-content\/uploads\/usu1811\/2019\/04\/foto2-768x768.jpeg 768w, https:\/\/agora.xtec.cat\/escolabonavista\/wp-content\/uploads\/usu1811\/2019\/04\/foto2-1024x1024.jpeg 1024w\" sizes=\"auto, (max-width: 1599px) 100vw, 1599px\" \/><\/a> <a href=\"https:\/\/agora.xtec.cat\/escolabonavista\/wp-content\/uploads\/usu1811\/2019\/04\/foto3.jpeg\"><img loading=\"lazy\" decoding=\"async\" class=\"aligncenter size-full wp-image-2009\" src=\"https:\/\/agora.xtec.cat\/escolabonavista\/wp-content\/uploads\/usu1811\/2019\/04\/foto3.jpeg\" alt=\"\" width=\"1600\" height=\"1200\" srcset=\"https:\/\/agora.xtec.cat\/escolabonavista\/wp-content\/uploads\/usu1811\/2019\/04\/foto3.jpeg 1600w, https:\/\/agora.xtec.cat\/escolabonavista\/wp-content\/uploads\/usu1811\/2019\/04\/foto3-300x225.jpeg 300w, https:\/\/agora.xtec.cat\/escolabonavista\/wp-content\/uploads\/usu1811\/2019\/04\/foto3-768x576.jpeg 768w, https:\/\/agora.xtec.cat\/escolabonavista\/wp-content\/uploads\/usu1811\/2019\/04\/foto3-1024x768.jpeg 1024w, https:\/\/agora.xtec.cat\/escolabonavista\/wp-content\/uploads\/usu1811\/2019\/04\/foto3-200x150.jpeg 200w\" sizes=\"auto, (max-width: 1600px) 100vw, 1600px\" \/><\/a><\/p>\n","protected":false},"excerpt":{"rendered":"<p>Aquest trimestre, despr\u00e9s d&#8217;una lluita ajustada la classe de primer B s&#8217;al\u00e7at amb la vict\u00f2ria del Torneig d&#8217;Higiene Corporal d&#8217;educaci\u00f3 f\u00edsica del cicle inicial. Aquesta vegada ha sigut m\u00e9s dif\u00edcil ja qu\u00e9 gaireb\u00e9 totes les classes han millorat els seus resultats. Aconseguiran revalidar el seu titol al tercer trimestre? Al juny Ho sabrem!<\/p>\n","protected":false},"author":1,"featured_media":0,"comment_status":"open","ping_status":"closed","sticky":false,"template":"","format":"standard","meta":{"_bbp_topic_count":0,"_bbp_reply_count":0,"_bbp_total_topic_count":0,"_bbp_total_reply_count":0,"_bbp_voice_count":0,"_bbp_anonymous_reply_count":0,"_bbp_topic_count_hidden":0,"_bbp_reply_count_hidden":0,"_bbp_forum_subforum_count":0,"site-sidebar-layout":"default","site-content-layout":"","ast-site-content-layout":"","site-content-style":"default","site-sidebar-style":"default","ast-global-header-display":"","ast-banner-title-visibility":"","ast-main-header-display":"","ast-hfb-above-header-display":"","ast-hfb-below-header-display":"","ast-hfb-mobile-header-display":"","site-post-title":"","ast-breadcrumbs-content":"","ast-featured-img":"","footer-sml-layout":"","theme-transparent-header-meta":"","adv-header-id-meta":"","stick-header-meta":"","header-above-stick-meta":"","header-main-stick-meta":"","header-below-stick-meta":"","astra-migrate-meta-layouts":"default","ast-page-background-enabled":"default","ast-page-background-meta":{"desktop":{"background-color":"var(--ast-global-color-4)","background-image":"","background-repeat":"repeat","background-position":"center center","background-size":"auto","background-attachment":"scroll","background-type":"","background-media":"","overlay-type":"","overlay-color":"","overlay-opacity":"","overlay-gradient":""},"tablet":{"background-color":"","background-image":"","background-repeat":"repeat","background-position":"center center","background-size":"auto","background-attachment":"scroll","background-type":"","background-media":"","overlay-type":"","overlay-color":"","overlay-opacity":"","overlay-gradient":""},"mobile":{"background-color":"","background-image":"","background-repeat":"repeat","background-position":"center center","background-size":"auto","background-attachment":"scroll","background-type":"","background-media":"","overlay-type":"","overlay-color":"","overlay-opacity":"","overlay-gradient":""}},"ast-content-background-meta":{"desktop":{"background-color":"var(--ast-global-color-5)","background-image":"","background-repeat":"repeat","background-position":"center center","background-size":"auto","background-attachment":"scroll","background-type":"","background-media":"","overlay-type":"","overlay-color":"","overlay-opacity":"","overlay-gradient":""},"tablet":{"background-color":"var(--ast-global-color-5)","background-image":"","background-repeat":"repeat","background-position":"center center","background-size":"auto","background-attachment":"scroll","background-type":"","background-media":"","overlay-type":"","overlay-color":"","overlay-opacity":"","overlay-gradient":""},"mobile":{"background-color":"var(--ast-global-color-5)","background-image":"","background-repeat":"repeat","background-position":"center center","background-size":"auto","background-attachment":"scroll","background-type":"","background-media":"","overlay-type":"","overlay-color":"","overlay-opacity":"","overlay-gradient":""}},"footnotes":""},"categories":[10,62,1,4,5],"tags":[121,123],"class_list":["post-2006","post","type-post","status-publish","format-standard","hentry","category-1r","category-dep-educacio-fisica","category-general","category-portada","category-primaria","tag-portada","tag-torneig-dhigiene-corporal-deducacio-fisica-del-cicle-inicial"],"post_mailing_queue_ids":[],"_links":{"self":[{"href":"https:\/\/agora.xtec.cat\/escolabonavista\/wp-json\/wp\/v2\/posts\/2006","targetHints":{"allow":["GET"]}}],"collection":[{"href":"https:\/\/agora.xtec.cat\/escolabonavista\/wp-json\/wp\/v2\/posts"}],"about":[{"href":"https:\/\/agora.xtec.cat\/escolabonavista\/wp-json\/wp\/v2\/types\/post"}],"author":[{"embeddable":true,"href":"https:\/\/agora.xtec.cat\/escolabonavista\/wp-json\/wp\/v2\/users\/1"}],"replies":[{"embeddable":true,"href":"https:\/\/agora.xtec.cat\/escolabonavista\/wp-json\/wp\/v2\/comments?post=2006"}],"version-history":[{"count":1,"href":"https:\/\/agora.xtec.cat\/escolabonavista\/wp-json\/wp\/v2\/posts\/2006\/revisions"}],"predecessor-version":[{"id":2010,"href":"https:\/\/agora.xtec.cat\/escolabonavista\/wp-json\/wp\/v2\/posts\/2006\/revisions\/2010"}],"wp:attachment":[{"href":"https:\/\/agora.xtec.cat\/escolabonavista\/wp-json\/wp\/v2\/media?parent=2006"}],"wp:term":[{"taxonomy":"category","embeddable":true,"href":"https:\/\/agora.xtec.cat\/escolabonavista\/wp-json\/wp\/v2\/categories?post=2006"},{"taxonomy":"post_tag","embeddable":true,"href":"https:\/\/agora.xtec.cat\/escolabonavista\/wp-json\/wp\/v2\/tags?post=2006"}],"curies":[{"name":"wp","href":"https:\/\/api.w.org\/{rel}","templated":true}]}}