{"id":17701,"date":"2023-04-17T11:59:45","date_gmt":"2023-04-17T09:59:45","guid":{"rendered":"https:\/\/agora.xtec.cat\/escolabonavista\/?p=17701"},"modified":"2023-04-17T12:00:56","modified_gmt":"2023-04-17T10:00:56","slug":"forum-escoles-verdes","status":"publish","type":"post","link":"https:\/\/agora.xtec.cat\/escolabonavista\/general\/forum-escoles-verdes\/","title":{"rendered":"F\u00d2RUM ESCOLES VERDES"},"content":{"rendered":"<p>El passat 17 de mar\u00e7 representats de la nostra escola van assistir al F\u00f2rum d&#8217;Escoles Verdes a Torredembarra. Durant la jornada van dur a terme diferents tallers, van exposar la tasca realitzada per part del l&#8217;alumnat de 5\u00e8 fent intercanvi d&#8217;experi\u00e8ncies amb la resta d&#8217;escoles i una cercavila festiva amb el lema: <strong>Les Escoles Verdes canviem el m\u00f3n, t\u2019hi apuntes?<\/strong><\/p>\n<p>Va ser una experi\u00e8ncia molt enriquidora com a primer any sent Escola Verda.<\/p>\n<p><a href=\"https:\/\/agora.xtec.cat\/escolabonavista\/wp-content\/uploads\/usu1811\/2023\/04\/forum.jpg\"><img loading=\"lazy\" decoding=\"async\" class=\"aligncenter wp-image-17702\" src=\"https:\/\/agora.xtec.cat\/escolabonavista\/wp-content\/uploads\/usu1811\/2023\/04\/forum.jpg\" alt=\"\" width=\"874\" height=\"655\" srcset=\"https:\/\/agora.xtec.cat\/escolabonavista\/wp-content\/uploads\/usu1811\/2023\/04\/forum.jpg 2048w, https:\/\/agora.xtec.cat\/escolabonavista\/wp-content\/uploads\/usu1811\/2023\/04\/forum-300x225.jpg 300w, https:\/\/agora.xtec.cat\/escolabonavista\/wp-content\/uploads\/usu1811\/2023\/04\/forum-1024x768.jpg 1024w, https:\/\/agora.xtec.cat\/escolabonavista\/wp-content\/uploads\/usu1811\/2023\/04\/forum-768x576.jpg 768w, https:\/\/agora.xtec.cat\/escolabonavista\/wp-content\/uploads\/usu1811\/2023\/04\/forum-1536x1152.jpg 1536w, https:\/\/agora.xtec.cat\/escolabonavista\/wp-content\/uploads\/usu1811\/2023\/04\/forum-200x150.jpg 200w\" sizes=\"auto, (max-width: 874px) 100vw, 874px\" \/><\/a><\/p>\n","protected":false},"excerpt":{"rendered":"<p>El passat 17 de mar\u00e7 representats de la nostra escola van assistir al F\u00f2rum d&#8217;Escoles Verdes a Torredembarra. Durant la jornada van dur a terme diferents tallers, van exposar la tasca realitzada per part del l&#8217;alumnat de 5\u00e8 fent intercanvi d&#8217;experi\u00e8ncies amb la resta d&#8217;escoles i una cercavila festiva amb el lema: Les Escoles Verdes [&hellip;]<\/p>\n","protected":false},"author":1,"featured_media":0,"comment_status":"open","ping_status":"closed","sticky":false,"template":"","format":"standard","meta":{"_bbp_topic_count":0,"_bbp_reply_count":0,"_bbp_total_topic_count":0,"_bbp_total_reply_count":0,"_bbp_voice_count":0,"_bbp_anonymous_reply_count":0,"_bbp_topic_count_hidden":0,"_bbp_reply_count_hidden":0,"_bbp_forum_subforum_count":0,"site-sidebar-layout":"default","site-content-layout":"","ast-site-content-layout":"","site-content-style":"default","site-sidebar-style":"default","ast-global-header-display":"","ast-banner-title-visibility":"","ast-main-header-display":"","ast-hfb-above-header-display":"","ast-hfb-below-header-display":"","ast-hfb-mobile-header-display":"","site-post-title":"","ast-breadcrumbs-content":"","ast-featured-img":"","footer-sml-layout":"","theme-transparent-header-meta":"","adv-header-id-meta":"","stick-header-meta":"","header-above-stick-meta":"","header-main-stick-meta":"","header-below-stick-meta":"","astra-migrate-meta-layouts":"default","ast-page-background-enabled":"default","ast-page-background-meta":{"desktop":{"background-color":"var(--ast-global-color-4)","background-image":"","background-repeat":"repeat","background-position":"center center","background-size":"auto","background-attachment":"scroll","background-type":"","background-media":"","overlay-type":"","overlay-color":"","overlay-opacity":"","overlay-gradient":""},"tablet":{"background-color":"","background-image":"","background-repeat":"repeat","background-position":"center center","background-size":"auto","background-attachment":"scroll","background-type":"","background-media":"","overlay-type":"","overlay-color":"","overlay-opacity":"","overlay-gradient":""},"mobile":{"background-color":"","background-image":"","background-repeat":"repeat","background-position":"center center","background-size":"auto","background-attachment":"scroll","background-type":"","background-media":"","overlay-type":"","overlay-color":"","overlay-opacity":"","overlay-gradient":""}},"ast-content-background-meta":{"desktop":{"background-color":"var(--ast-global-color-5)","background-image":"","background-repeat":"repeat","background-position":"center center","background-size":"auto","background-attachment":"scroll","background-type":"","background-media":"","overlay-type":"","overlay-color":"","overlay-opacity":"","overlay-gradient":""},"tablet":{"background-color":"var(--ast-global-color-5)","background-image":"","background-repeat":"repeat","background-position":"center center","background-size":"auto","background-attachment":"scroll","background-type":"","background-media":"","overlay-type":"","overlay-color":"","overlay-opacity":"","overlay-gradient":""},"mobile":{"background-color":"var(--ast-global-color-5)","background-image":"","background-repeat":"repeat","background-position":"center center","background-size":"auto","background-attachment":"scroll","background-type":"","background-media":"","overlay-type":"","overlay-color":"","overlay-opacity":"","overlay-gradient":""}},"footnotes":""},"categories":[1],"tags":[],"class_list":["post-17701","post","type-post","status-publish","format-standard","hentry","category-general"],"post_mailing_queue_ids":[],"_links":{"self":[{"href":"https:\/\/agora.xtec.cat\/escolabonavista\/wp-json\/wp\/v2\/posts\/17701","targetHints":{"allow":["GET"]}}],"collection":[{"href":"https:\/\/agora.xtec.cat\/escolabonavista\/wp-json\/wp\/v2\/posts"}],"about":[{"href":"https:\/\/agora.xtec.cat\/escolabonavista\/wp-json\/wp\/v2\/types\/post"}],"author":[{"embeddable":true,"href":"https:\/\/agora.xtec.cat\/escolabonavista\/wp-json\/wp\/v2\/users\/1"}],"replies":[{"embeddable":true,"href":"https:\/\/agora.xtec.cat\/escolabonavista\/wp-json\/wp\/v2\/comments?post=17701"}],"version-history":[{"count":1,"href":"https:\/\/agora.xtec.cat\/escolabonavista\/wp-json\/wp\/v2\/posts\/17701\/revisions"}],"predecessor-version":[{"id":17703,"href":"https:\/\/agora.xtec.cat\/escolabonavista\/wp-json\/wp\/v2\/posts\/17701\/revisions\/17703"}],"wp:attachment":[{"href":"https:\/\/agora.xtec.cat\/escolabonavista\/wp-json\/wp\/v2\/media?parent=17701"}],"wp:term":[{"taxonomy":"category","embeddable":true,"href":"https:\/\/agora.xtec.cat\/escolabonavista\/wp-json\/wp\/v2\/categories?post=17701"},{"taxonomy":"post_tag","embeddable":true,"href":"https:\/\/agora.xtec.cat\/escolabonavista\/wp-json\/wp\/v2\/tags?post=17701"}],"curies":[{"name":"wp","href":"https:\/\/api.w.org\/{rel}","templated":true}]}}