{"id":17493,"date":"2022-06-16T14:12:23","date_gmt":"2022-06-16T12:12:23","guid":{"rendered":"https:\/\/agora.xtec.cat\/escolabonavista\/?p=17493"},"modified":"2022-06-17T13:21:50","modified_gmt":"2022-06-17T11:21:50","slug":"dia-mundial-del-medi-ambient","status":"publish","type":"post","link":"https:\/\/agora.xtec.cat\/escolabonavista\/general\/dia-mundial-del-medi-ambient\/","title":{"rendered":"DIA MUNDIAL DEL MEDI AMBIENT"},"content":{"rendered":"<p>El passat 3 de juny vam celebrar el Dia Mundial del Medi Ambient, un dia carregat d&#8217;activitats amb l&#8217;objectiu de fomentar la sensibilitzaci\u00f3 i l\u2019acci\u00f3 a nivell mundial per a la protecci\u00f3 del nostre medi ambient.<\/p>\n<p>L&#8217;alumnat a dut a terme diferents tallers:<\/p>\n<ul>\n<li>Infantil: Land Art, han fet mandales amb elements de la natura, una manera sostenible de desenvolupar la capacitat art\u00edstica.<\/li>\n<li>Inicial: gimcana sostenible, des del departament de Neteja P\u00fablica de l\u2019Ajuntament de Tarragona han pogut aprendre i recordar tot jugant, la correcta separaci\u00f3 i valoritzaci\u00f3 dels residus, la problem\u00e0tica dels pl\u00e0stics en els ambients marins i civisme a la ciutat, fent especial \u00e8mfasi a la recollida d\u2019excrements de gos.<\/li>\n<li>Mitj\u00e0: art ef\u00edmer i sostenible, a partir de cartr\u00f3 reutilitzat han fet unes construccions amb diferents formes, un repte per aconseguir l&#8217;equilibri de les seves obres d&#8217;art.<\/li>\n<li>Superior: reutilitzaci\u00f3 de material d&#8217;\u00fas habitual, amb bricks de llet han fet pots per posar els llapissos i colors, i amb CDs espatllats, peixos per espantar els ocells de l&#8217;hort de l&#8217;escola. I a m\u00e9s, han fet neteja dels espais exteriors de l&#8217;escola.<\/li>\n<\/ul>\n<p>A m\u00e9s a m\u00e9s, al llarg del mat\u00ed l&#8217;alumnat de 5\u00e8 ha explicat a la resta de companys i companyes de l&#8217;escola, el treball fet al llarg de tot el curs a l&#8217;hort.<\/p>\n<p>Esperem que aquestes activitats i les converses que s&#8217;han generat a les aules ens ajuden tenir uns h\u00e0bits cada vegada m\u00e9s sostenibles!<\/p>\n<p>\u27a1 FEU CLICK A LA IMATGE PER VEURE LES FOTOGRAFIES \u27a1 <a href=\"https:\/\/photos.app.goo.gl\/4gxFEwQebvrcrmxu5\"><img loading=\"lazy\" decoding=\"async\" class=\"wp-image-17494 alignleft\" src=\"https:\/\/agora.xtec.cat\/escolabonavista\/wp-content\/uploads\/usu1811\/2022\/06\/DIA-MUNDIAL-DEL-MEDI-AMBIENT-5-de-juny-de-2022.jpg\" alt=\"\" width=\"203\" height=\"287\" srcset=\"https:\/\/agora.xtec.cat\/escolabonavista\/wp-content\/uploads\/usu1811\/2022\/06\/DIA-MUNDIAL-DEL-MEDI-AMBIENT-5-de-juny-de-2022.jpg 1587w, https:\/\/agora.xtec.cat\/escolabonavista\/wp-content\/uploads\/usu1811\/2022\/06\/DIA-MUNDIAL-DEL-MEDI-AMBIENT-5-de-juny-de-2022-212x300.jpg 212w, https:\/\/agora.xtec.cat\/escolabonavista\/wp-content\/uploads\/usu1811\/2022\/06\/DIA-MUNDIAL-DEL-MEDI-AMBIENT-5-de-juny-de-2022-724x1024.jpg 724w, https:\/\/agora.xtec.cat\/escolabonavista\/wp-content\/uploads\/usu1811\/2022\/06\/DIA-MUNDIAL-DEL-MEDI-AMBIENT-5-de-juny-de-2022-768x1086.jpg 768w, https:\/\/agora.xtec.cat\/escolabonavista\/wp-content\/uploads\/usu1811\/2022\/06\/DIA-MUNDIAL-DEL-MEDI-AMBIENT-5-de-juny-de-2022-1086x1536.jpg 1086w, https:\/\/agora.xtec.cat\/escolabonavista\/wp-content\/uploads\/usu1811\/2022\/06\/DIA-MUNDIAL-DEL-MEDI-AMBIENT-5-de-juny-de-2022-1448x2048.jpg 1448w\" sizes=\"auto, (max-width: 203px) 100vw, 203px\" \/><\/a><\/p>\n<p>&nbsp;<\/p>\n","protected":false},"excerpt":{"rendered":"<p>El passat 3 de juny vam celebrar el Dia Mundial del Medi Ambient, un dia carregat d&#8217;activitats amb l&#8217;objectiu de fomentar la sensibilitzaci\u00f3 i l\u2019acci\u00f3 a nivell mundial per a la protecci\u00f3 del nostre medi ambient. L&#8217;alumnat a dut a terme diferents tallers: Infantil: Land Art, han fet mandales amb elements de la natura, una [&hellip;]<\/p>\n","protected":false},"author":1,"featured_media":0,"comment_status":"open","ping_status":"closed","sticky":false,"template":"","format":"standard","meta":{"_bbp_topic_count":0,"_bbp_reply_count":0,"_bbp_total_topic_count":0,"_bbp_total_reply_count":0,"_bbp_voice_count":0,"_bbp_anonymous_reply_count":0,"_bbp_topic_count_hidden":0,"_bbp_reply_count_hidden":0,"_bbp_forum_subforum_count":0,"site-sidebar-layout":"default","site-content-layout":"","ast-site-content-layout":"","site-content-style":"default","site-sidebar-style":"default","ast-global-header-display":"","ast-banner-title-visibility":"","ast-main-header-display":"","ast-hfb-above-header-display":"","ast-hfb-below-header-display":"","ast-hfb-mobile-header-display":"","site-post-title":"","ast-breadcrumbs-content":"","ast-featured-img":"","footer-sml-layout":"","theme-transparent-header-meta":"","adv-header-id-meta":"","stick-header-meta":"","header-above-stick-meta":"","header-main-stick-meta":"","header-below-stick-meta":"","astra-migrate-meta-layouts":"default","ast-page-background-enabled":"default","ast-page-background-meta":{"desktop":{"background-color":"var(--ast-global-color-4)","background-image":"","background-repeat":"repeat","background-position":"center center","background-size":"auto","background-attachment":"scroll","background-type":"","background-media":"","overlay-type":"","overlay-color":"","overlay-opacity":"","overlay-gradient":""},"tablet":{"background-color":"","background-image":"","background-repeat":"repeat","background-position":"center center","background-size":"auto","background-attachment":"scroll","background-type":"","background-media":"","overlay-type":"","overlay-color":"","overlay-opacity":"","overlay-gradient":""},"mobile":{"background-color":"","background-image":"","background-repeat":"repeat","background-position":"center center","background-size":"auto","background-attachment":"scroll","background-type":"","background-media":"","overlay-type":"","overlay-color":"","overlay-opacity":"","overlay-gradient":""}},"ast-content-background-meta":{"desktop":{"background-color":"var(--ast-global-color-5)","background-image":"","background-repeat":"repeat","background-position":"center center","background-size":"auto","background-attachment":"scroll","background-type":"","background-media":"","overlay-type":"","overlay-color":"","overlay-opacity":"","overlay-gradient":""},"tablet":{"background-color":"var(--ast-global-color-5)","background-image":"","background-repeat":"repeat","background-position":"center center","background-size":"auto","background-attachment":"scroll","background-type":"","background-media":"","overlay-type":"","overlay-color":"","overlay-opacity":"","overlay-gradient":""},"mobile":{"background-color":"var(--ast-global-color-5)","background-image":"","background-repeat":"repeat","background-position":"center center","background-size":"auto","background-attachment":"scroll","background-type":"","background-media":"","overlay-type":"","overlay-color":"","overlay-opacity":"","overlay-gradient":""}},"footnotes":""},"categories":[1,2,4,5],"tags":[],"class_list":["post-17493","post","type-post","status-publish","format-standard","hentry","category-general","category-infantil","category-portada","category-primaria"],"post_mailing_queue_ids":[],"_links":{"self":[{"href":"https:\/\/agora.xtec.cat\/escolabonavista\/wp-json\/wp\/v2\/posts\/17493","targetHints":{"allow":["GET"]}}],"collection":[{"href":"https:\/\/agora.xtec.cat\/escolabonavista\/wp-json\/wp\/v2\/posts"}],"about":[{"href":"https:\/\/agora.xtec.cat\/escolabonavista\/wp-json\/wp\/v2\/types\/post"}],"author":[{"embeddable":true,"href":"https:\/\/agora.xtec.cat\/escolabonavista\/wp-json\/wp\/v2\/users\/1"}],"replies":[{"embeddable":true,"href":"https:\/\/agora.xtec.cat\/escolabonavista\/wp-json\/wp\/v2\/comments?post=17493"}],"version-history":[{"count":3,"href":"https:\/\/agora.xtec.cat\/escolabonavista\/wp-json\/wp\/v2\/posts\/17493\/revisions"}],"predecessor-version":[{"id":17497,"href":"https:\/\/agora.xtec.cat\/escolabonavista\/wp-json\/wp\/v2\/posts\/17493\/revisions\/17497"}],"wp:attachment":[{"href":"https:\/\/agora.xtec.cat\/escolabonavista\/wp-json\/wp\/v2\/media?parent=17493"}],"wp:term":[{"taxonomy":"category","embeddable":true,"href":"https:\/\/agora.xtec.cat\/escolabonavista\/wp-json\/wp\/v2\/categories?post=17493"},{"taxonomy":"post_tag","embeddable":true,"href":"https:\/\/agora.xtec.cat\/escolabonavista\/wp-json\/wp\/v2\/tags?post=17493"}],"curies":[{"name":"wp","href":"https:\/\/api.w.org\/{rel}","templated":true}]}}