{"id":17432,"date":"2022-05-06T11:23:41","date_gmt":"2022-05-06T09:23:41","guid":{"rendered":"https:\/\/agora.xtec.cat\/escolabonavista\/?p=17432"},"modified":"2022-05-06T11:23:41","modified_gmt":"2022-05-06T09:23:41","slug":"lhort-a-5e","status":"publish","type":"post","link":"https:\/\/agora.xtec.cat\/escolabonavista\/general\/lhort-a-5e\/","title":{"rendered":"L&#8217;hort a 5\u00e8"},"content":{"rendered":"<p dir=\"ltr\"><i>A l&#8217;octubre, l\u00b4alumnat de 5\u00e8, vam comen\u00e7ar el projecte de l&#8217;hort. Hi hem dedicat una hora a la setmana cadascuna de les classes.<\/i><\/p>\n<p dir=\"ltr\"><i>Les primeres setmanes vam adequar una zona del pati, que ja s&#8217;havia utilitzat anteriorment, per fer un petit hort.<\/i><\/p>\n<p dir=\"ltr\"><i>Un cop les jardineres van tenir la terra preparada vam iniciar un proc\u00e9s per con\u00e8ixer quines eren les llavors m\u00e9s adequades per plantar a l&#8217;escola, i poder veure el seu progr\u00e9s al llarg del curs.<\/i><\/p>\n<p dir=\"ltr\"><i>Les llavors i el planter escollits van ser: enciams, bledes, pastanagues, faves, maduixes, cebes, \u2026<\/i><\/p>\n<p dir=\"ltr\"><i>Durant el primer trimestre vam tenir molta cura de les plantes, les vam regar, treure males herbes del voltant,&#8230;\u00a0<\/i><\/p>\n<p dir=\"ltr\"><i>Al llarg del curs hem estat buscant informaci\u00f3 de la cura que havia de tenir cada llavor, i vam realitzar un diari del proc\u00e9s de l&#8217;hort per ser conscients de cada petit canvi.<\/i><\/p>\n<p dir=\"ltr\"><i>Les primeres setmanes van ser menys emocionants, ja que els canvis eren molt petits, per\u00f2 a partir del segon trimestre cada vegada que baixavem a l&#8217;hort, quedavem ben al\u00b7lucinats!!! Sobretot aquest any, que ha plogut tant.<\/i><\/p>\n<p dir=\"ltr\"><i>Abans de les vacances de Pasqua, vam collir totes les faves, hi havia molt\u00edssimes!!!<\/i><\/p>\n<p dir=\"ltr\"><i>Ara, al tercer Trimestre ja estem collint els enciams, bledes, maduixes i alguna pastanaga que comen\u00e7a a sortir de la terra.<\/i><\/p>\n<p dir=\"ltr\"><i>Ha estat molt bonic observar els canvis, i m\u00e9s sabent que hem estat nosaltres mateixos els que ens hem encarregat de tenir-ne cura.<\/i><\/p>\n<p dir=\"ltr\"><i>Gr\u00e0cies tamb\u00e9 a alguns mestres i a algunes fam\u00edlies de l&#8217;escola, s\u00f3n unes expertes!!!<\/i><\/p>\n<p dir=\"ltr\"><\/p>\n","protected":false},"excerpt":{"rendered":"<p>A l&#8217;octubre, l\u00b4alumnat de 5\u00e8, vam comen\u00e7ar el projecte de l&#8217;hort. Hi hem dedicat una hora a la setmana cadascuna de les classes. Les primeres setmanes vam adequar una zona del pati, que ja s&#8217;havia utilitzat anteriorment, per fer un petit hort. Un cop les jardineres van tenir la terra preparada vam iniciar un proc\u00e9s [&hellip;]<\/p>\n","protected":false},"author":1,"featured_media":17440,"comment_status":"open","ping_status":"closed","sticky":false,"template":"","format":"standard","meta":{"_bbp_topic_count":0,"_bbp_reply_count":0,"_bbp_total_topic_count":0,"_bbp_total_reply_count":0,"_bbp_voice_count":0,"_bbp_anonymous_reply_count":0,"_bbp_topic_count_hidden":0,"_bbp_reply_count_hidden":0,"_bbp_forum_subforum_count":0,"site-sidebar-layout":"default","site-content-layout":"","ast-site-content-layout":"","site-content-style":"default","site-sidebar-style":"default","ast-global-header-display":"","ast-banner-title-visibility":"","ast-main-header-display":"","ast-hfb-above-header-display":"","ast-hfb-below-header-display":"","ast-hfb-mobile-header-display":"","site-post-title":"","ast-breadcrumbs-content":"","ast-featured-img":"","footer-sml-layout":"","theme-transparent-header-meta":"","adv-header-id-meta":"","stick-header-meta":"","header-above-stick-meta":"","header-main-stick-meta":"","header-below-stick-meta":"","astra-migrate-meta-layouts":"default","ast-page-background-enabled":"default","ast-page-background-meta":{"desktop":{"background-color":"var(--ast-global-color-4)","background-image":"","background-repeat":"repeat","background-position":"center center","background-size":"auto","background-attachment":"scroll","background-type":"","background-media":"","overlay-type":"","overlay-color":"","overlay-opacity":"","overlay-gradient":""},"tablet":{"background-color":"","background-image":"","background-repeat":"repeat","background-position":"center center","background-size":"auto","background-attachment":"scroll","background-type":"","background-media":"","overlay-type":"","overlay-color":"","overlay-opacity":"","overlay-gradient":""},"mobile":{"background-color":"","background-image":"","background-repeat":"repeat","background-position":"center center","background-size":"auto","background-attachment":"scroll","background-type":"","background-media":"","overlay-type":"","overlay-color":"","overlay-opacity":"","overlay-gradient":""}},"ast-content-background-meta":{"desktop":{"background-color":"var(--ast-global-color-5)","background-image":"","background-repeat":"repeat","background-position":"center center","background-size":"auto","background-attachment":"scroll","background-type":"","background-media":"","overlay-type":"","overlay-color":"","overlay-opacity":"","overlay-gradient":""},"tablet":{"background-color":"var(--ast-global-color-5)","background-image":"","background-repeat":"repeat","background-position":"center center","background-size":"auto","background-attachment":"scroll","background-type":"","background-media":"","overlay-type":"","overlay-color":"","overlay-opacity":"","overlay-gradient":""},"mobile":{"background-color":"var(--ast-global-color-5)","background-image":"","background-repeat":"repeat","background-position":"center center","background-size":"auto","background-attachment":"scroll","background-type":"","background-media":"","overlay-type":"","overlay-color":"","overlay-opacity":"","overlay-gradient":""}},"footnotes":""},"categories":[14,153,1,4,5],"tags":[],"class_list":["post-17432","post","type-post","status-publish","format-standard","has-post-thumbnail","hentry","category-5e","category-cicle-superior","category-general","category-portada","category-primaria"],"post_mailing_queue_ids":[],"_links":{"self":[{"href":"https:\/\/agora.xtec.cat\/escolabonavista\/wp-json\/wp\/v2\/posts\/17432","targetHints":{"allow":["GET"]}}],"collection":[{"href":"https:\/\/agora.xtec.cat\/escolabonavista\/wp-json\/wp\/v2\/posts"}],"about":[{"href":"https:\/\/agora.xtec.cat\/escolabonavista\/wp-json\/wp\/v2\/types\/post"}],"author":[{"embeddable":true,"href":"https:\/\/agora.xtec.cat\/escolabonavista\/wp-json\/wp\/v2\/users\/1"}],"replies":[{"embeddable":true,"href":"https:\/\/agora.xtec.cat\/escolabonavista\/wp-json\/wp\/v2\/comments?post=17432"}],"version-history":[{"count":2,"href":"https:\/\/agora.xtec.cat\/escolabonavista\/wp-json\/wp\/v2\/posts\/17432\/revisions"}],"predecessor-version":[{"id":17451,"href":"https:\/\/agora.xtec.cat\/escolabonavista\/wp-json\/wp\/v2\/posts\/17432\/revisions\/17451"}],"wp:featuredmedia":[{"embeddable":true,"href":"https:\/\/agora.xtec.cat\/escolabonavista\/wp-json\/wp\/v2\/media\/17440"}],"wp:attachment":[{"href":"https:\/\/agora.xtec.cat\/escolabonavista\/wp-json\/wp\/v2\/media?parent=17432"}],"wp:term":[{"taxonomy":"category","embeddable":true,"href":"https:\/\/agora.xtec.cat\/escolabonavista\/wp-json\/wp\/v2\/categories?post=17432"},{"taxonomy":"post_tag","embeddable":true,"href":"https:\/\/agora.xtec.cat\/escolabonavista\/wp-json\/wp\/v2\/tags?post=17432"}],"curies":[{"name":"wp","href":"https:\/\/api.w.org\/{rel}","templated":true}]}}