{"id":17194,"date":"2021-06-21T12:38:31","date_gmt":"2021-06-21T10:38:31","guid":{"rendered":"http:\/\/agora.xtec.cat\/escolabonavista\/?p=17194"},"modified":"2021-06-21T12:40:22","modified_gmt":"2021-06-21T10:40:22","slug":"lambit-artistic-a-5e","status":"publish","type":"post","link":"https:\/\/agora.xtec.cat\/escolabonavista\/general\/lambit-artistic-a-5e\/","title":{"rendered":"L&#8217;\u00c0MBIT ART\u00cdSTIC A 5\u00e8."},"content":{"rendered":"<p>Aquest curs, a l&#8217;assignatura de<em> Visual i Pl\u00e0stica<\/em>, hem fet un viatge per diferents moviments art\u00edstics contemporanis, com s\u00f3n l&#8217;Impressionisme, l&#8217;Expressionisme, el Surrealisme, el Neoplasticisme o el darrer de tots que vam treballar, que va ser el Cubisme.<\/p>\n<p>Amb tots aquests <em><strong>ismes<\/strong><\/em> hem apr\u00e8s com l&#8217;artista s&#8217;expressa lliurement i sense sotmetre&#8217;s a cap ordre que li doni alg\u00fa altre, fa el que vol, el que sent&#8230; i aix\u00f2 \u00e9s nota en les seves fotografies, quadres, escultures o fins i tot en el cinema!<\/p>\n<p>Avui us presentem un v\u00eddeo on hi podrem veure l&#8217;evoluci\u00f3 del nostre <strong>RETRAT<\/strong>. partint d&#8217;una fotografia en color, la vam passar a blanc i negre i vam crear una pe\u00e7a nova i \u00fanica!<\/p>\n<p>Tamb\u00e9 a l&#8217;assignatura de <strong>m\u00fasica<\/strong> hem fet un rep\u00e0s pels diferents estils musicals de la seva hist\u00f2ria i com a projecte final hem fet un v\u00eddeo amb els estils m\u00e9s escollits\u00a0 per tots els alumnes i les alumnes.<\/p>\n<div><\/div>\n<div class=\"ast-oembed-container \" style=\"height: 100%;\"><iframe loading=\"lazy\" title=\"Hist\u00f2ria de la m\u00fasica - 5\u00e8\" width=\"500\" height=\"281\" src=\"https:\/\/www.youtube.com\/embed\/pFFKUsa7-0I?feature=oembed\" frameborder=\"0\" allow=\"accelerometer; autoplay; clipboard-write; encrypted-media; gyroscope; picture-in-picture; web-share\" referrerpolicy=\"strict-origin-when-cross-origin\" allowfullscreen><\/iframe><\/div>\n<div class=\"ast-oembed-container \" style=\"height: 100%;\"><iframe loading=\"lazy\" title=\"EL RETRAT 5\u00e8\" width=\"500\" height=\"281\" src=\"https:\/\/www.youtube.com\/embed\/YOzqD3aCcQE?feature=oembed\" frameborder=\"0\" allow=\"accelerometer; autoplay; clipboard-write; encrypted-media; gyroscope; picture-in-picture; web-share\" referrerpolicy=\"strict-origin-when-cross-origin\" allowfullscreen><\/iframe><\/div>\n<div><\/div>\n","protected":false},"excerpt":{"rendered":"<p>Aquest curs, a l&#8217;assignatura de Visual i Pl\u00e0stica, hem fet un viatge per diferents moviments art\u00edstics contemporanis, com s\u00f3n l&#8217;Impressionisme, l&#8217;Expressionisme, el Surrealisme, el Neoplasticisme o el darrer de tots que vam treballar, que va ser el Cubisme. Amb tots aquests ismes hem apr\u00e8s com l&#8217;artista s&#8217;expressa lliurement i sense sotmetre&#8217;s a cap ordre que [&hellip;]<\/p>\n","protected":false},"author":1,"featured_media":0,"comment_status":"open","ping_status":"closed","sticky":false,"template":"","format":"standard","meta":{"_bbp_topic_count":0,"_bbp_reply_count":0,"_bbp_total_topic_count":0,"_bbp_total_reply_count":0,"_bbp_voice_count":0,"_bbp_anonymous_reply_count":0,"_bbp_topic_count_hidden":0,"_bbp_reply_count_hidden":0,"_bbp_forum_subforum_count":0,"site-sidebar-layout":"default","site-content-layout":"","ast-site-content-layout":"","site-content-style":"default","site-sidebar-style":"default","ast-global-header-display":"","ast-banner-title-visibility":"","ast-main-header-display":"","ast-hfb-above-header-display":"","ast-hfb-below-header-display":"","ast-hfb-mobile-header-display":"","site-post-title":"","ast-breadcrumbs-content":"","ast-featured-img":"","footer-sml-layout":"","theme-transparent-header-meta":"","adv-header-id-meta":"","stick-header-meta":"","header-above-stick-meta":"","header-main-stick-meta":"","header-below-stick-meta":"","astra-migrate-meta-layouts":"default","ast-page-background-enabled":"default","ast-page-background-meta":{"desktop":{"background-color":"var(--ast-global-color-4)","background-image":"","background-repeat":"repeat","background-position":"center center","background-size":"auto","background-attachment":"scroll","background-type":"","background-media":"","overlay-type":"","overlay-color":"","overlay-opacity":"","overlay-gradient":""},"tablet":{"background-color":"","background-image":"","background-repeat":"repeat","background-position":"center center","background-size":"auto","background-attachment":"scroll","background-type":"","background-media":"","overlay-type":"","overlay-color":"","overlay-opacity":"","overlay-gradient":""},"mobile":{"background-color":"","background-image":"","background-repeat":"repeat","background-position":"center center","background-size":"auto","background-attachment":"scroll","background-type":"","background-media":"","overlay-type":"","overlay-color":"","overlay-opacity":"","overlay-gradient":""}},"ast-content-background-meta":{"desktop":{"background-color":"var(--ast-global-color-5)","background-image":"","background-repeat":"repeat","background-position":"center center","background-size":"auto","background-attachment":"scroll","background-type":"","background-media":"","overlay-type":"","overlay-color":"","overlay-opacity":"","overlay-gradient":""},"tablet":{"background-color":"var(--ast-global-color-5)","background-image":"","background-repeat":"repeat","background-position":"center center","background-size":"auto","background-attachment":"scroll","background-type":"","background-media":"","overlay-type":"","overlay-color":"","overlay-opacity":"","overlay-gradient":""},"mobile":{"background-color":"var(--ast-global-color-5)","background-image":"","background-repeat":"repeat","background-position":"center center","background-size":"auto","background-attachment":"scroll","background-type":"","background-media":"","overlay-type":"","overlay-color":"","overlay-opacity":"","overlay-gradient":""}},"footnotes":""},"categories":[14,153,1,4,5],"tags":[],"class_list":["post-17194","post","type-post","status-publish","format-standard","hentry","category-5e","category-cicle-superior","category-general","category-portada","category-primaria"],"post_mailing_queue_ids":[],"_links":{"self":[{"href":"https:\/\/agora.xtec.cat\/escolabonavista\/wp-json\/wp\/v2\/posts\/17194","targetHints":{"allow":["GET"]}}],"collection":[{"href":"https:\/\/agora.xtec.cat\/escolabonavista\/wp-json\/wp\/v2\/posts"}],"about":[{"href":"https:\/\/agora.xtec.cat\/escolabonavista\/wp-json\/wp\/v2\/types\/post"}],"author":[{"embeddable":true,"href":"https:\/\/agora.xtec.cat\/escolabonavista\/wp-json\/wp\/v2\/users\/1"}],"replies":[{"embeddable":true,"href":"https:\/\/agora.xtec.cat\/escolabonavista\/wp-json\/wp\/v2\/comments?post=17194"}],"version-history":[{"count":3,"href":"https:\/\/agora.xtec.cat\/escolabonavista\/wp-json\/wp\/v2\/posts\/17194\/revisions"}],"predecessor-version":[{"id":17198,"href":"https:\/\/agora.xtec.cat\/escolabonavista\/wp-json\/wp\/v2\/posts\/17194\/revisions\/17198"}],"wp:attachment":[{"href":"https:\/\/agora.xtec.cat\/escolabonavista\/wp-json\/wp\/v2\/media?parent=17194"}],"wp:term":[{"taxonomy":"category","embeddable":true,"href":"https:\/\/agora.xtec.cat\/escolabonavista\/wp-json\/wp\/v2\/categories?post=17194"},{"taxonomy":"post_tag","embeddable":true,"href":"https:\/\/agora.xtec.cat\/escolabonavista\/wp-json\/wp\/v2\/tags?post=17194"}],"curies":[{"name":"wp","href":"https:\/\/api.w.org\/{rel}","templated":true}]}}