{"id":16472,"date":"2020-05-13T11:00:02","date_gmt":"2020-05-13T09:00:02","guid":{"rendered":"http:\/\/agora.xtec.cat\/escolabonavista\/?p=16472"},"modified":"2020-05-15T12:31:40","modified_gmt":"2020-05-15T10:31:40","slug":"preinscripcio-nou-alumnat-curs-20-21","status":"publish","type":"post","link":"https:\/\/agora.xtec.cat\/escolabonavista\/general\/preinscripcio-nou-alumnat-curs-20-21\/","title":{"rendered":"PREINSCRIPCI\u00d3 NOU ALUMNAT CURS 20\/21"},"content":{"rendered":"<p>&nbsp;<\/p>\n<p>Cal intentar el m\u00e0xim possible fer la preinscripci\u00f3 de forma Telem\u00e0tica per evitar aix\u00ed l&#8217;anar a l&#8217;escola.<\/p>\n<p>Si la feu de forma <span style=\"font-size: 16px;\"><strong><span style=\"text-decoration: underline;\">TELEM\u00c0TICA<\/span><\/strong><\/span>\u00a0recordeu enviar el <span style=\"font-size: 16px;\"><strong><span style=\"text-decoration: underline;\">JUSTIFICANT<\/span><\/strong><\/span>\u00a0(fins al 24 de maig) al correu de l&#8217;escola <span style=\"text-decoration: underline; font-size: 16px; color: #0000ff;\">e3003136<span class=\"\">@xtec.cat<\/span><\/span><\/p>\n<p>Per consultar l&#8217;oferta de places ho podeu fer al <a href=\"http:\/\/mapaescolar.gencat.cat\/\" target=\"_blank\" rel=\"noopener noreferrer\" data-saferedirecturl=\"https:\/\/www.google.com\/url?q=http:\/\/mapaescolar.gencat.cat\/&amp;source=gmail&amp;ust=1589615782463000&amp;usg=AFQjCNGIs57I59k7tJ8M4kB7SrBlvAJu1A\">Mapa escolar de la preinscripci\u00f3 curs 2020-2021<\/a>.<\/p>\n<p><a href=\"https:\/\/agora.xtec.cat\/escolabonavista\/wp-content\/uploads\/usu1811\/2020\/05\/D543313F-0F8C-4F82-B3CF-FED62E66DAEA_1_201_a.jpeg\"><img loading=\"lazy\" decoding=\"async\" class=\"aligncenter wp-image-16484\" src=\"https:\/\/agora.xtec.cat\/escolabonavista\/wp-content\/uploads\/usu1811\/2020\/05\/D543313F-0F8C-4F82-B3CF-FED62E66DAEA_1_201_a.jpeg\" alt=\"\" width=\"479\" height=\"1177\" srcset=\"https:\/\/agora.xtec.cat\/escolabonavista\/wp-content\/uploads\/usu1811\/2020\/05\/D543313F-0F8C-4F82-B3CF-FED62E66DAEA_1_201_a.jpeg 532w, https:\/\/agora.xtec.cat\/escolabonavista\/wp-content\/uploads\/usu1811\/2020\/05\/D543313F-0F8C-4F82-B3CF-FED62E66DAEA_1_201_a-122x300.jpeg 122w, https:\/\/agora.xtec.cat\/escolabonavista\/wp-content\/uploads\/usu1811\/2020\/05\/D543313F-0F8C-4F82-B3CF-FED62E66DAEA_1_201_a-417x1024.jpeg 417w\" sizes=\"auto, (max-width: 479px) 100vw, 479px\" \/><\/a><\/p>\n","protected":false},"excerpt":{"rendered":"<p>&nbsp; Cal intentar el m\u00e0xim possible fer la preinscripci\u00f3 de forma Telem\u00e0tica per evitar aix\u00ed l&#8217;anar a l&#8217;escola. Si la feu de forma TELEM\u00c0TICA\u00a0recordeu enviar el JUSTIFICANT\u00a0(fins al 24 de maig) al correu de l&#8217;escola e3003136@xtec.cat Per consultar l&#8217;oferta de places ho podeu fer al Mapa escolar de la preinscripci\u00f3 curs 2020-2021.<\/p>\n","protected":false},"author":1,"featured_media":0,"comment_status":"open","ping_status":"closed","sticky":false,"template":"","format":"standard","meta":{"_bbp_topic_count":0,"_bbp_reply_count":0,"_bbp_total_topic_count":0,"_bbp_total_reply_count":0,"_bbp_voice_count":0,"_bbp_anonymous_reply_count":0,"_bbp_topic_count_hidden":0,"_bbp_reply_count_hidden":0,"_bbp_forum_subforum_count":0,"site-sidebar-layout":"default","site-content-layout":"","ast-site-content-layout":"","site-content-style":"default","site-sidebar-style":"default","ast-global-header-display":"","ast-banner-title-visibility":"","ast-main-header-display":"","ast-hfb-above-header-display":"","ast-hfb-below-header-display":"","ast-hfb-mobile-header-display":"","site-post-title":"","ast-breadcrumbs-content":"","ast-featured-img":"","footer-sml-layout":"","theme-transparent-header-meta":"","adv-header-id-meta":"","stick-header-meta":"","header-above-stick-meta":"","header-main-stick-meta":"","header-below-stick-meta":"","astra-migrate-meta-layouts":"default","ast-page-background-enabled":"default","ast-page-background-meta":{"desktop":{"background-color":"var(--ast-global-color-4)","background-image":"","background-repeat":"repeat","background-position":"center center","background-size":"auto","background-attachment":"scroll","background-type":"","background-media":"","overlay-type":"","overlay-color":"","overlay-opacity":"","overlay-gradient":""},"tablet":{"background-color":"","background-image":"","background-repeat":"repeat","background-position":"center center","background-size":"auto","background-attachment":"scroll","background-type":"","background-media":"","overlay-type":"","overlay-color":"","overlay-opacity":"","overlay-gradient":""},"mobile":{"background-color":"","background-image":"","background-repeat":"repeat","background-position":"center center","background-size":"auto","background-attachment":"scroll","background-type":"","background-media":"","overlay-type":"","overlay-color":"","overlay-opacity":"","overlay-gradient":""}},"ast-content-background-meta":{"desktop":{"background-color":"var(--ast-global-color-5)","background-image":"","background-repeat":"repeat","background-position":"center center","background-size":"auto","background-attachment":"scroll","background-type":"","background-media":"","overlay-type":"","overlay-color":"","overlay-opacity":"","overlay-gradient":""},"tablet":{"background-color":"var(--ast-global-color-5)","background-image":"","background-repeat":"repeat","background-position":"center center","background-size":"auto","background-attachment":"scroll","background-type":"","background-media":"","overlay-type":"","overlay-color":"","overlay-opacity":"","overlay-gradient":""},"mobile":{"background-color":"var(--ast-global-color-5)","background-image":"","background-repeat":"repeat","background-position":"center center","background-size":"auto","background-attachment":"scroll","background-type":"","background-media":"","overlay-type":"","overlay-color":"","overlay-opacity":"","overlay-gradient":""}},"footnotes":""},"categories":[7,1,2,4,5],"tags":[],"class_list":["post-16472","post","type-post","status-publish","format-standard","hentry","category-ampa","category-general","category-infantil","category-portada","category-primaria"],"post_mailing_queue_ids":[],"_links":{"self":[{"href":"https:\/\/agora.xtec.cat\/escolabonavista\/wp-json\/wp\/v2\/posts\/16472","targetHints":{"allow":["GET"]}}],"collection":[{"href":"https:\/\/agora.xtec.cat\/escolabonavista\/wp-json\/wp\/v2\/posts"}],"about":[{"href":"https:\/\/agora.xtec.cat\/escolabonavista\/wp-json\/wp\/v2\/types\/post"}],"author":[{"embeddable":true,"href":"https:\/\/agora.xtec.cat\/escolabonavista\/wp-json\/wp\/v2\/users\/1"}],"replies":[{"embeddable":true,"href":"https:\/\/agora.xtec.cat\/escolabonavista\/wp-json\/wp\/v2\/comments?post=16472"}],"version-history":[{"count":3,"href":"https:\/\/agora.xtec.cat\/escolabonavista\/wp-json\/wp\/v2\/posts\/16472\/revisions"}],"predecessor-version":[{"id":16511,"href":"https:\/\/agora.xtec.cat\/escolabonavista\/wp-json\/wp\/v2\/posts\/16472\/revisions\/16511"}],"wp:attachment":[{"href":"https:\/\/agora.xtec.cat\/escolabonavista\/wp-json\/wp\/v2\/media?parent=16472"}],"wp:term":[{"taxonomy":"category","embeddable":true,"href":"https:\/\/agora.xtec.cat\/escolabonavista\/wp-json\/wp\/v2\/categories?post=16472"},{"taxonomy":"post_tag","embeddable":true,"href":"https:\/\/agora.xtec.cat\/escolabonavista\/wp-json\/wp\/v2\/tags?post=16472"}],"curies":[{"name":"wp","href":"https:\/\/api.w.org\/{rel}","templated":true}]}}