{"id":548,"date":"2016-02-19T12:32:51","date_gmt":"2016-02-19T11:32:51","guid":{"rendered":"http:\/\/agora.xtec.cat\/zerriuavall\/?p=548"},"modified":"2022-10-30T17:09:35","modified_gmt":"2022-10-30T16:09:35","slug":"sortida-a-radio-tortosa","status":"publish","type":"post","link":"https:\/\/agora.xtec.cat\/escolabitem\/activitats\/escola\/sortida-a-radio-tortosa\/","title":{"rendered":"VISITA A R\u00c0DIO TORTOSA"},"content":{"rendered":"<h6>\u00a0El dia 5 de febrer els xiquets i xiquetes de CS de la ZER Riu Avall van fer una visita a la r\u00e0dio.<\/h6>\n<p>&nbsp;<\/p>\n<p>Divendres 5 de febrer els xiquets i xiquetes de CS de la ZER Riu Avall van anar de visita a la r\u00e0dio. La directora, N\u00faria Mora, els va explicar com graven als convidats, les sales que hi ha&#8230; A les sales on graven tenen les parets folrades d\u2019escuma.<\/p>\n<p>El t\u00e8nic de so es posa a una habitaci\u00f3 bastant redu\u00efda, i all\u00ed escolta com graven els convidats; controla el so, busca m\u00fasica de fons&#8230; i quan ho tenen tot acabat i editat ja ho emiteixen per la r\u00e0dio.<\/p>\n<p>Quan van acabar la visita unes xiquetes i uns xiquets de B\u00edtem i Tivenys van explicar un tros del\u00a0 llibre \u201cl\u2019Oriol pelacanyes es vol fer d\u2019or\u201d,\u00a0 la biografia de l\u2019autora i les opinions dels companys.<\/p>\n<p>La visita els va resultar molt profitosa. Si voleu escoltar la gravaci\u00f3&#8230;<\/p>\n<p><iframe loading=\"lazy\" src=\"http:\/\/www.ivoox.com\/player_ej_10538948_2_1.html?data=kpWilZ2deJmhhpywj5WbaZS1lZuah5yncZOhhpywj5WRaZi3jpWah5yncaXZ1MjcxNfJrdmfzcaY1srapYzXytrhw9mSb6TjzYqwlIqme83ZyM6YxsqPhoa3lIquptnJsY6ZmKiatIqnd4a1kcnW0ZC4s9Po0NjOj4qbh46o&amp;\" width=\"100%\" height=\"100\" frameborder=\"0\" scrolling=\"no\" allowfullscreen=\"allowfullscreen\"><\/iframe><\/p>\n<p style=\"text-align: right;\">ASO 5 Escola B\u00edtem<\/p>\n<p style=\"text-align: center;\"><\/p>\n","protected":false},"excerpt":{"rendered":"<p>\u00a0El dia 5 de febrer els xiquets i xiquetes de CS de la ZER Riu Avall van fer una visita a la r\u00e0dio.<br \/>\n&nbsp;<br \/>\nDivendres 5 de febrer els xiquets i xiquetes de CS de la ZER Riu Avall van anar de visita a la r\u00e0dio. La&hellip;  <a href=\"https:\/\/agora.xtec.cat\/escolabitem\/activitats\/escola\/sortida-a-radio-tortosa\/\" title=\"Read VISITA A R\u00c0DIO TORTOSA\">Llegeix m\u00e9s\u00bb<\/a><\/p>\n","protected":false},"author":1,"featured_media":0,"comment_status":"open","ping_status":"open","sticky":false,"template":"","format":"standard","meta":{"_bbp_topic_count":0,"_bbp_reply_count":0,"_bbp_total_topic_count":0,"_bbp_total_reply_count":0,"_bbp_voice_count":0,"_bbp_anonymous_reply_count":0,"_bbp_topic_count_hidden":0,"_bbp_reply_count_hidden":0,"_bbp_forum_subforum_count":0,"footnotes":""},"categories":[63,66],"tags":[78,106],"class_list":["post-548","post","type-post","status-publish","format-standard","hentry","category-escola","category-66","tag-15-16","tag-radio"],"post_mailing_queue_ids":[],"_links":{"self":[{"href":"https:\/\/agora.xtec.cat\/escolabitem\/wp-json\/wp\/v2\/posts\/548","targetHints":{"allow":["GET"]}}],"collection":[{"href":"https:\/\/agora.xtec.cat\/escolabitem\/wp-json\/wp\/v2\/posts"}],"about":[{"href":"https:\/\/agora.xtec.cat\/escolabitem\/wp-json\/wp\/v2\/types\/post"}],"author":[{"embeddable":true,"href":"https:\/\/agora.xtec.cat\/escolabitem\/wp-json\/wp\/v2\/users\/1"}],"replies":[{"embeddable":true,"href":"https:\/\/agora.xtec.cat\/escolabitem\/wp-json\/wp\/v2\/comments?post=548"}],"version-history":[{"count":1,"href":"https:\/\/agora.xtec.cat\/escolabitem\/wp-json\/wp\/v2\/posts\/548\/revisions"}],"predecessor-version":[{"id":3419,"href":"https:\/\/agora.xtec.cat\/escolabitem\/wp-json\/wp\/v2\/posts\/548\/revisions\/3419"}],"wp:attachment":[{"href":"https:\/\/agora.xtec.cat\/escolabitem\/wp-json\/wp\/v2\/media?parent=548"}],"wp:term":[{"taxonomy":"category","embeddable":true,"href":"https:\/\/agora.xtec.cat\/escolabitem\/wp-json\/wp\/v2\/categories?post=548"},{"taxonomy":"post_tag","embeddable":true,"href":"https:\/\/agora.xtec.cat\/escolabitem\/wp-json\/wp\/v2\/tags?post=548"}],"curies":[{"name":"wp","href":"https:\/\/api.w.org\/{rel}","templated":true}]}}