{"id":370,"date":"2015-11-30T13:45:38","date_gmt":"2015-11-30T12:45:38","guid":{"rendered":"http:\/\/agora.xtec.cat\/zerriuavall\/?p=370"},"modified":"2015-11-30T13:45:38","modified_gmt":"2015-11-30T12:45:38","slug":"col%c2%b7laborem-amb-la-marato-de-tv3","status":"publish","type":"post","link":"https:\/\/agora.xtec.cat\/escolabitem\/activitats\/escola\/col%c2%b7laborem-amb-la-marato-de-tv3\/","title":{"rendered":"COL\u00b7LABOREM AMB LA MARAT\u00d3 DE TV3"},"content":{"rendered":"<p>Durant els propers dies, a les dues escoles de la ZER, es realitzar\u00e0 una activitat destinada a recaptar diners per a <a href=\"http:\/\/www.tv3.cat\/marato\" target=\"_blank\" rel=\"noopener\">La Marat\u00f3 de TV3<\/a>:<strong> &#8220;MOU-TE PER LA MARAT\u00d3&#8221;<\/strong>.<\/p>\n<p>L&#8217;activitat organitzada \u00e9s una caminada i\/o correguda patrocinada.<\/p>\n<p>Durant una hora, l&#8217;alumnat de P3 fins a 6\u00e8 i qui vulgui, podr\u00e0 fer tantes voltes com vulgui i\/o pugui en un circuit tancat; cadasc\u00fa portar\u00e0 un dorsal on se li anotaran les voltes que far\u00e0.<\/p>\n<p>L&#8217;aportaci\u00f3 de l&#8217;alumnat ser\u00e0 gr\u00e0cies a l&#8217;acord que han signat els seus patrocinadors.<\/p>\n<p>Moltes gr\u00e0cies a tothom per la vostra col\u00b7laboraci\u00f3.<\/p>\n<p><img loading=\"lazy\" decoding=\"async\" class=\"alignnone\" src=\"https:\/\/docs.google.com\/drawings\/d\/1c8QgX8yNhv16wBSDN2iPYF0TuTmN4LI4eiS1wU2JjFM\/pub?w=1210&amp;h=714\" alt=\"\" width=\"1210\" height=\"713\" \/><\/p>\n<p><img decoding=\"async\" src=\"https:\/\/docs.google.com\/drawings\/d\/16d0TgLe6nxOGUFyLyYMJo12_AOTl9XKDThkD-YUpRCk\/pub?w=1210&amp;h=714\" alt=\"\" \/><\/p>\n","protected":false},"excerpt":{"rendered":"<p>Durant els propers dies, a les dues escoles de la ZER, es realitzar\u00e0 una activitat destinada a recaptar diners per a <a href=\"http:\/\/www.tv3.cat\/marato\" target=\"_blank\" rel=\"noopener\">La Marat\u00f3 de TV3<\/a>: &#8220;MOU-TE PER LA MARAT\u00d3&#8221;.<br \/>\nL&#8217;activitat organitzada \u00e9s una caminada i\/o correguda patrocinada.<br \/>\nDurant una hora, l&#8217;alumnat de P3 fins&hellip;  <a href=\"https:\/\/agora.xtec.cat\/escolabitem\/activitats\/escola\/col%c2%b7laborem-amb-la-marato-de-tv3\/\" title=\"Read COL\u00b7LABOREM AMB LA MARAT\u00d3 DE TV3\">Llegeix m\u00e9s\u00bb<\/a><\/p>\n","protected":false},"author":1,"featured_media":378,"comment_status":"open","ping_status":"open","sticky":false,"template":"","format":"standard","meta":{"_bbp_topic_count":0,"_bbp_reply_count":0,"_bbp_total_topic_count":0,"_bbp_total_reply_count":0,"_bbp_voice_count":0,"_bbp_anonymous_reply_count":0,"_bbp_topic_count_hidden":0,"_bbp_reply_count_hidden":0,"_bbp_forum_subforum_count":0,"footnotes":""},"categories":[63,66],"tags":[78,100],"class_list":["post-370","post","type-post","status-publish","format-standard","has-post-thumbnail","hentry","category-escola","category-66","tag-15-16","tag-la-marato"],"post_mailing_queue_ids":[],"_links":{"self":[{"href":"https:\/\/agora.xtec.cat\/escolabitem\/wp-json\/wp\/v2\/posts\/370","targetHints":{"allow":["GET"]}}],"collection":[{"href":"https:\/\/agora.xtec.cat\/escolabitem\/wp-json\/wp\/v2\/posts"}],"about":[{"href":"https:\/\/agora.xtec.cat\/escolabitem\/wp-json\/wp\/v2\/types\/post"}],"author":[{"embeddable":true,"href":"https:\/\/agora.xtec.cat\/escolabitem\/wp-json\/wp\/v2\/users\/1"}],"replies":[{"embeddable":true,"href":"https:\/\/agora.xtec.cat\/escolabitem\/wp-json\/wp\/v2\/comments?post=370"}],"version-history":[{"count":0,"href":"https:\/\/agora.xtec.cat\/escolabitem\/wp-json\/wp\/v2\/posts\/370\/revisions"}],"wp:featuredmedia":[{"embeddable":true,"href":"https:\/\/agora.xtec.cat\/escolabitem\/wp-json\/"}],"wp:attachment":[{"href":"https:\/\/agora.xtec.cat\/escolabitem\/wp-json\/wp\/v2\/media?parent=370"}],"wp:term":[{"taxonomy":"category","embeddable":true,"href":"https:\/\/agora.xtec.cat\/escolabitem\/wp-json\/wp\/v2\/categories?post=370"},{"taxonomy":"post_tag","embeddable":true,"href":"https:\/\/agora.xtec.cat\/escolabitem\/wp-json\/wp\/v2\/tags?post=370"}],"curies":[{"name":"wp","href":"https:\/\/api.w.org\/{rel}","templated":true}]}}