{"id":3621,"date":"2025-03-07T13:15:02","date_gmt":"2025-03-07T12:15:02","guid":{"rendered":"https:\/\/agora.xtec.cat\/escolabitem\/?p=3621"},"modified":"2025-09-06T11:07:40","modified_gmt":"2025-09-06T09:07:40","slug":"el-dijous-llarder","status":"publish","type":"post","link":"https:\/\/agora.xtec.cat\/escolabitem\/activitats\/escola\/el-dijous-llarder\/","title":{"rendered":"EL DIJOUS LLARDER"},"content":{"rendered":"<p><span style=\"font-weight: 400;\">El 27 de febrer, va ser el Dijous llarder i els xiquets i xiquetes de l\u2019escola vam anar d&#8217;excursi\u00f3. <\/span><\/p>\n<p><span style=\"font-weight: 400;\">Els d\u2019infantil i inicial van anar al barranc del Coent a berenar.\u00a0 <\/span><\/p>\n<p><span style=\"font-weight: 400;\">Cicle mig havien d\u2019anar al camp de Tir per\u00f2 van arribar als ponts de Bitem i 5\u00e9 i 6\u00e9 van anar a la cova d&#8217;en Rub\u00ed.<\/span><\/p>\n<div class=\"h5p-iframe-wrapper\"><iframe id=\"h5p-iframe-135\" class=\"h5p-iframe\" data-content-id=\"135\" style=\"height:1px\" src=\"about:blank\" frameBorder=\"0\" scrolling=\"no\" title=\"dijous llarder\"><\/iframe><\/div>\n","protected":false},"excerpt":{"rendered":"<p>El 27 de febrer, va ser el Dijous llarder i els xiquets i xiquetes de l\u2019escola vam anar d&#8217;excursi\u00f3.<br \/>\nEls d\u2019infantil i inicial van anar al barranc del Coent a berenar.\u00a0<br \/>\nCicle mig havien d\u2019anar al camp de Tir per\u00f2 van arribar als ponts de&hellip;  <a href=\"https:\/\/agora.xtec.cat\/escolabitem\/activitats\/escola\/el-dijous-llarder\/\" title=\"Read EL DIJOUS LLARDER\">Llegeix m\u00e9s\u00bb<\/a><\/p>\n","protected":false},"author":4,"featured_media":3640,"comment_status":"closed","ping_status":"closed","sticky":false,"template":"","format":"standard","meta":{"_bbp_topic_count":0,"_bbp_reply_count":0,"_bbp_total_topic_count":0,"_bbp_total_reply_count":0,"_bbp_voice_count":0,"_bbp_anonymous_reply_count":0,"_bbp_topic_count_hidden":0,"_bbp_reply_count_hidden":0,"_bbp_forum_subforum_count":0,"footnotes":""},"categories":[63,67,64,65,66],"tags":[135,16],"class_list":["post-3621","post","type-post","status-publish","format-standard","has-post-thumbnail","hentry","category-escola","category-i345","category-64","category-65","category-66","tag-2024-2025","tag-sortides"],"post_mailing_queue_ids":[],"_links":{"self":[{"href":"https:\/\/agora.xtec.cat\/escolabitem\/wp-json\/wp\/v2\/posts\/3621","targetHints":{"allow":["GET"]}}],"collection":[{"href":"https:\/\/agora.xtec.cat\/escolabitem\/wp-json\/wp\/v2\/posts"}],"about":[{"href":"https:\/\/agora.xtec.cat\/escolabitem\/wp-json\/wp\/v2\/types\/post"}],"author":[{"embeddable":true,"href":"https:\/\/agora.xtec.cat\/escolabitem\/wp-json\/wp\/v2\/users\/4"}],"replies":[{"embeddable":true,"href":"https:\/\/agora.xtec.cat\/escolabitem\/wp-json\/wp\/v2\/comments?post=3621"}],"version-history":[{"count":4,"href":"https:\/\/agora.xtec.cat\/escolabitem\/wp-json\/wp\/v2\/posts\/3621\/revisions"}],"predecessor-version":[{"id":3639,"href":"https:\/\/agora.xtec.cat\/escolabitem\/wp-json\/wp\/v2\/posts\/3621\/revisions\/3639"}],"wp:featuredmedia":[{"embeddable":true,"href":"https:\/\/agora.xtec.cat\/escolabitem\/wp-json\/wp\/v2\/media\/3640"}],"wp:attachment":[{"href":"https:\/\/agora.xtec.cat\/escolabitem\/wp-json\/wp\/v2\/media?parent=3621"}],"wp:term":[{"taxonomy":"category","embeddable":true,"href":"https:\/\/agora.xtec.cat\/escolabitem\/wp-json\/wp\/v2\/categories?post=3621"},{"taxonomy":"post_tag","embeddable":true,"href":"https:\/\/agora.xtec.cat\/escolabitem\/wp-json\/wp\/v2\/tags?post=3621"}],"curies":[{"name":"wp","href":"https:\/\/api.w.org\/{rel}","templated":true}]}}