{"id":1704,"date":"2019-04-05T14:50:37","date_gmt":"2019-04-05T12:50:37","guid":{"rendered":"http:\/\/agora.xtec.cat\/zerriuavall\/?p=1704"},"modified":"2022-10-30T17:02:59","modified_gmt":"2022-10-30T16:02:59","slug":"jocs-populars-escolars-tortosa-2019","status":"publish","type":"post","link":"https:\/\/agora.xtec.cat\/escolabitem\/activitats\/escola\/jocs-populars-escolars-tortosa-2019\/","title":{"rendered":"Jocs Populars Escolars Tortosa 2019"},"content":{"rendered":"<p>El passat dissabte 30 de mar\u00e7 l&#8217;alumnat de Cicle Mitj\u00e0 de la <span class=\"hiddenSpellError\">ZER<\/span> Riu Avall van participar en els primers Jocs Populars Escolars a Tortosa.<\/p>\n<p>Aquesta jornada va estar organitzada per tal de donar a con\u00e8ixer els <span class=\"hiddenSpellError\">World<\/span> <span class=\"hiddenSpellError\">Sport<\/span> Games que s&#8217;organitzaran a Tortosa i a Terres de l&#8217;Ebre aquest mateix any.<\/p>\n<p>Els objectius de la jornada eren els seg\u00fcents:<\/p>\n<p>&#8211; Promoure la pr\u00e0ctica esportiva i d&#8217;activitat f\u00edsica.<br \/>\n&#8211; Fomentar els valors de l&#8217;esport popular: inclusi\u00f3 i cohesi\u00f3 social, responsabilitat comunit\u00e0ria, solidaritat, <span class=\"hiddenGrammarError\">companyerisme<\/span>&#8230;<br \/>\n&#8211; Promoure un model d&#8217;esport no competitiu on prevalgui la participaci\u00f3 i el\u00a0comportament per sobre dels resultats.<\/p>\n<p>Des de la <span class=\"hiddenSpellError\">ZER<\/span> vam donar a con\u00e8ixer aquests jocs a tot l&#8217;alumnat des de Cicle Inicial fins a Cicle Superior encara que nom\u00e9s anessin a participar Cicle Mitj\u00e0.<\/p>\n<p>Clicant <a href=\"https:\/\/photos.app.goo.gl\/vGPvMbSLhGcJXk9h8\" target=\"_blank\" rel=\"noopener noreferrer\">aqu\u00ed<\/a> podreu veure algunes imatges de la jornada.<\/p>\n","protected":false},"excerpt":{"rendered":"<p>El passat dissabte 30 de mar\u00e7 l&#8217;alumnat de Cicle Mitj\u00e0 de la ZER Riu Avall van participar en els primers Jocs Populars Escolars a Tortosa.<br \/>\nAquesta jornada va estar organitzada per tal de donar a con\u00e8ixer els World Sport Games que s&#8217;organitzaran a Tortosa i a&hellip;  <a href=\"https:\/\/agora.xtec.cat\/escolabitem\/activitats\/escola\/jocs-populars-escolars-tortosa-2019\/\" title=\"Read Jocs Populars Escolars Tortosa 2019\">Llegeix m\u00e9s\u00bb<\/a><\/p>\n","protected":false},"author":1,"featured_media":0,"comment_status":"open","ping_status":"closed","sticky":false,"template":"","format":"standard","meta":{"_bbp_topic_count":0,"_bbp_reply_count":0,"_bbp_total_topic_count":0,"_bbp_total_reply_count":0,"_bbp_voice_count":0,"_bbp_anonymous_reply_count":0,"_bbp_topic_count_hidden":0,"_bbp_reply_count_hidden":0,"_bbp_forum_subforum_count":0,"footnotes":""},"categories":[63,65,75],"tags":[81,93],"class_list":["post-1704","post","type-post","status-publish","format-standard","hentry","category-escola","category-65","category-zer","tag-18-19","tag-educacio-fisica"],"post_mailing_queue_ids":[],"_links":{"self":[{"href":"https:\/\/agora.xtec.cat\/escolabitem\/wp-json\/wp\/v2\/posts\/1704","targetHints":{"allow":["GET"]}}],"collection":[{"href":"https:\/\/agora.xtec.cat\/escolabitem\/wp-json\/wp\/v2\/posts"}],"about":[{"href":"https:\/\/agora.xtec.cat\/escolabitem\/wp-json\/wp\/v2\/types\/post"}],"author":[{"embeddable":true,"href":"https:\/\/agora.xtec.cat\/escolabitem\/wp-json\/wp\/v2\/users\/1"}],"replies":[{"embeddable":true,"href":"https:\/\/agora.xtec.cat\/escolabitem\/wp-json\/wp\/v2\/comments?post=1704"}],"version-history":[{"count":1,"href":"https:\/\/agora.xtec.cat\/escolabitem\/wp-json\/wp\/v2\/posts\/1704\/revisions"}],"predecessor-version":[{"id":3352,"href":"https:\/\/agora.xtec.cat\/escolabitem\/wp-json\/wp\/v2\/posts\/1704\/revisions\/3352"}],"wp:attachment":[{"href":"https:\/\/agora.xtec.cat\/escolabitem\/wp-json\/wp\/v2\/media?parent=1704"}],"wp:term":[{"taxonomy":"category","embeddable":true,"href":"https:\/\/agora.xtec.cat\/escolabitem\/wp-json\/wp\/v2\/categories?post=1704"},{"taxonomy":"post_tag","embeddable":true,"href":"https:\/\/agora.xtec.cat\/escolabitem\/wp-json\/wp\/v2\/tags?post=1704"}],"curies":[{"name":"wp","href":"https:\/\/api.w.org\/{rel}","templated":true}]}}