{"id":749,"date":"2018-03-10T12:55:55","date_gmt":"2018-03-10T11:55:55","guid":{"rendered":"http:\/\/agora.xtec.cat\/escolabadalonaport\/?p=749"},"modified":"2018-03-10T12:56:02","modified_gmt":"2018-03-10T11:56:02","slug":"la-classse-de-larc-de-sant-marti-la-que-ha-tingut-mes-cura-dels-lavabos-aquesta-setmana","status":"publish","type":"post","link":"https:\/\/agora.xtec.cat\/escolabadalonaport\/portada\/la-classse-de-larc-de-sant-marti-la-que-ha-tingut-mes-cura-dels-lavabos-aquesta-setmana\/","title":{"rendered":"LA CLASSSE DE L&#8217;ARC DE SANT MART\u00cd LA QUE HA TINGUT M\u00c9S CURA DELS LAVABOS AQUESTA SETMANA&#8230;"},"content":{"rendered":"<p>Aquesta setmana hem donat un repte a totes les classes ja que no tenen cura d&#8217;un espai que s&#8217;utiliza molt al llarg del dia: papers a terra, tapes sense aixecar, sense tira de la cadena,&#8230;<\/p>\n<p>DONCS TOTS\/ES S&#8217;HAN ESFOR\u00c7AT I HAN MILLORAT MOLT\u00cdSSIM!!! PER\u00d2 P5 ha estat la guanyadora&#8230;. A veure la setmana vinent&#8230;<\/p>\n<p>Tots han rebut un diploma com a reconeixement pel seu esfor\u00e7!<\/p>\n<p><a href=\"http:\/\/agora.xtec.cat\/escolabadalonaport\/wp-content\/uploads\/usu1791\/2018\/03\/IMG-20180309-WA0006.jpg\"><img loading=\"lazy\" decoding=\"async\" class=\"alignnone size-large wp-image-750\" src=\"http:\/\/agora.xtec.cat\/escolabadalonaport\/wp-content\/uploads\/usu1791\/2018\/03\/IMG-20180309-WA0006-1024x576.jpg\" alt=\"\" width=\"1024\" height=\"576\" srcset=\"https:\/\/agora.xtec.cat\/escolabadalonaport\/wp-content\/uploads\/usu1791\/2018\/03\/IMG-20180309-WA0006-1024x576.jpg 1024w, https:\/\/agora.xtec.cat\/escolabadalonaport\/wp-content\/uploads\/usu1791\/2018\/03\/IMG-20180309-WA0006-300x169.jpg 300w, https:\/\/agora.xtec.cat\/escolabadalonaport\/wp-content\/uploads\/usu1791\/2018\/03\/IMG-20180309-WA0006-768x432.jpg 768w, https:\/\/agora.xtec.cat\/escolabadalonaport\/wp-content\/uploads\/usu1791\/2018\/03\/IMG-20180309-WA0006.jpg 1552w\" sizes=\"auto, (max-width: 1024px) 100vw, 1024px\" \/><\/a><\/p>\n","protected":false},"excerpt":{"rendered":"<p>Cura dels nostres espais comuns<\/p>\n","protected":false},"author":1,"featured_media":750,"comment_status":"open","ping_status":"closed","sticky":false,"template":"","format":"standard","meta":{"_bbp_topic_count":0,"_bbp_reply_count":0,"_bbp_total_topic_count":0,"_bbp_total_reply_count":0,"_bbp_voice_count":0,"_bbp_anonymous_reply_count":0,"_bbp_topic_count_hidden":0,"_bbp_reply_count_hidden":0,"_bbp_forum_subforum_count":0,"site-sidebar-layout":"default","site-content-layout":"","ast-site-content-layout":"","site-content-style":"default","site-sidebar-style":"default","ast-global-header-display":"","ast-banner-title-visibility":"","ast-main-header-display":"","ast-hfb-above-header-display":"","ast-hfb-below-header-display":"","ast-hfb-mobile-header-display":"","site-post-title":"","ast-breadcrumbs-content":"","ast-featured-img":"","footer-sml-layout":"","theme-transparent-header-meta":"","adv-header-id-meta":"","stick-header-meta":"","header-above-stick-meta":"","header-main-stick-meta":"","header-below-stick-meta":"","astra-migrate-meta-layouts":"default","ast-page-background-enabled":"default","ast-page-background-meta":{"desktop":{"background-color":"var(--ast-global-color-4)","background-image":"","background-repeat":"repeat","background-position":"center center","background-size":"auto","background-attachment":"scroll","background-type":"","background-media":"","overlay-type":"","overlay-color":"","overlay-opacity":"","overlay-gradient":""},"tablet":{"background-color":"","background-image":"","background-repeat":"repeat","background-position":"center center","background-size":"auto","background-attachment":"scroll","background-type":"","background-media":"","overlay-type":"","overlay-color":"","overlay-opacity":"","overlay-gradient":""},"mobile":{"background-color":"","background-image":"","background-repeat":"repeat","background-position":"center center","background-size":"auto","background-attachment":"scroll","background-type":"","background-media":"","overlay-type":"","overlay-color":"","overlay-opacity":"","overlay-gradient":""}},"ast-content-background-meta":{"desktop":{"background-color":"var(--ast-global-color-5)","background-image":"","background-repeat":"repeat","background-position":"center center","background-size":"auto","background-attachment":"scroll","background-type":"","background-media":"","overlay-type":"","overlay-color":"","overlay-opacity":"","overlay-gradient":""},"tablet":{"background-color":"var(--ast-global-color-5)","background-image":"","background-repeat":"repeat","background-position":"center center","background-size":"auto","background-attachment":"scroll","background-type":"","background-media":"","overlay-type":"","overlay-color":"","overlay-opacity":"","overlay-gradient":""},"mobile":{"background-color":"var(--ast-global-color-5)","background-image":"","background-repeat":"repeat","background-position":"center center","background-size":"auto","background-attachment":"scroll","background-type":"","background-media":"","overlay-type":"","overlay-color":"","overlay-opacity":"","overlay-gradient":""}},"footnotes":""},"categories":[4],"tags":[78],"class_list":["post-749","post","type-post","status-publish","format-standard","has-post-thumbnail","hentry","category-portada","tag-cura-de-les-installacions"],"post_mailing_queue_ids":[],"_links":{"self":[{"href":"https:\/\/agora.xtec.cat\/escolabadalonaport\/wp-json\/wp\/v2\/posts\/749","targetHints":{"allow":["GET"]}}],"collection":[{"href":"https:\/\/agora.xtec.cat\/escolabadalonaport\/wp-json\/wp\/v2\/posts"}],"about":[{"href":"https:\/\/agora.xtec.cat\/escolabadalonaport\/wp-json\/wp\/v2\/types\/post"}],"author":[{"embeddable":true,"href":"https:\/\/agora.xtec.cat\/escolabadalonaport\/wp-json\/wp\/v2\/users\/1"}],"replies":[{"embeddable":true,"href":"https:\/\/agora.xtec.cat\/escolabadalonaport\/wp-json\/wp\/v2\/comments?post=749"}],"version-history":[{"count":1,"href":"https:\/\/agora.xtec.cat\/escolabadalonaport\/wp-json\/wp\/v2\/posts\/749\/revisions"}],"predecessor-version":[{"id":751,"href":"https:\/\/agora.xtec.cat\/escolabadalonaport\/wp-json\/wp\/v2\/posts\/749\/revisions\/751"}],"wp:featuredmedia":[{"embeddable":true,"href":"https:\/\/agora.xtec.cat\/escolabadalonaport\/wp-json\/wp\/v2\/media\/750"}],"wp:attachment":[{"href":"https:\/\/agora.xtec.cat\/escolabadalonaport\/wp-json\/wp\/v2\/media?parent=749"}],"wp:term":[{"taxonomy":"category","embeddable":true,"href":"https:\/\/agora.xtec.cat\/escolabadalonaport\/wp-json\/wp\/v2\/categories?post=749"},{"taxonomy":"post_tag","embeddable":true,"href":"https:\/\/agora.xtec.cat\/escolabadalonaport\/wp-json\/wp\/v2\/tags?post=749"}],"curies":[{"name":"wp","href":"https:\/\/api.w.org\/{rel}","templated":true}]}}