{"id":7483,"date":"2020-04-23T11:33:09","date_gmt":"2020-04-23T09:33:09","guid":{"rendered":"http:\/\/agora.xtec.cat\/escolabadalonaport\/?p=7483"},"modified":"2020-04-23T12:13:43","modified_gmt":"2020-04-23T10:13:43","slug":"felic-sant-jordi-2020-un-regal-especial-pels-nostres-alumnes","status":"publish","type":"post","link":"https:\/\/agora.xtec.cat\/escolabadalonaport\/general\/felic-sant-jordi-2020-un-regal-especial-pels-nostres-alumnes\/","title":{"rendered":"FELI\u00c7 SANT JORDI 2020! UN REGAL ESPECIAL PELS NOSTRES ALUMNES!"},"content":{"rendered":"<p>L&#8217;Equip Badalona Port us vol desitjar que tingueu un feli\u00e7 dia, que tot i estar confinats trobeu coses divertides a fer amb la fam\u00edlia.<\/p>\n<p>Ens hagu\u00e9s agradat molt veure amb vosaltres: P3, P4 i P5, l&#8217;obra de teatre que van comen\u00e7ar a preparar les mamis de P3; amb Prim\u00e0ria activitats relacionades amb aquest dia tan especial; amb les fam\u00edlies compartir una setmana de llibres de &#8220;deixa i agafa&#8217;m&#8221;,&#8230; tot i que el m\u00e9s important per nosaltres \u00e9s que tothom estigui b\u00e9 de salut i que ja vindran temps de celebrar dies com aquests BON SANT JORDI A TOTHOM!<\/p>\n<p>Equip Badalona Port<\/p>\n<div class=\"ast-oembed-container \" style=\"height: 100%;\"><iframe loading=\"lazy\" title=\"Un regal de Sant Jordi pels nostres estimats alumned\" width=\"500\" height=\"281\" src=\"https:\/\/www.youtube.com\/embed\/rLGJcPNOTYk?feature=oembed\" frameborder=\"0\" allow=\"accelerometer; autoplay; clipboard-write; encrypted-media; gyroscope; picture-in-picture; web-share\" referrerpolicy=\"strict-origin-when-cross-origin\" allowfullscreen><\/iframe><\/div>\n<p>&nbsp;<\/p>\n","protected":false},"excerpt":{"rendered":"<p>L&#8217;Equip Badalona Port us vol desitjar que tingueu un feli\u00e7 dia, que tot i estar confinats trobeu coses divertides a fer amb la fam\u00edlia. Ens hagu\u00e9s agradat molt veure amb vosaltres: P3, P4 i P5, l&#8217;obra de teatre que van comen\u00e7ar a preparar les mamis de P3; amb Prim\u00e0ria activitats relacionades amb aquest dia tan [&hellip;]<\/p>\n","protected":false},"author":1,"featured_media":7484,"comment_status":"open","ping_status":"closed","sticky":false,"template":"","format":"standard","meta":{"_bbp_topic_count":0,"_bbp_reply_count":0,"_bbp_total_topic_count":0,"_bbp_total_reply_count":0,"_bbp_voice_count":0,"_bbp_anonymous_reply_count":0,"_bbp_topic_count_hidden":0,"_bbp_reply_count_hidden":0,"_bbp_forum_subforum_count":0,"site-sidebar-layout":"default","site-content-layout":"","ast-site-content-layout":"","site-content-style":"default","site-sidebar-style":"default","ast-global-header-display":"","ast-banner-title-visibility":"","ast-main-header-display":"","ast-hfb-above-header-display":"","ast-hfb-below-header-display":"","ast-hfb-mobile-header-display":"","site-post-title":"","ast-breadcrumbs-content":"","ast-featured-img":"","footer-sml-layout":"","theme-transparent-header-meta":"","adv-header-id-meta":"","stick-header-meta":"","header-above-stick-meta":"","header-main-stick-meta":"","header-below-stick-meta":"","astra-migrate-meta-layouts":"default","ast-page-background-enabled":"default","ast-page-background-meta":{"desktop":{"background-color":"var(--ast-global-color-4)","background-image":"","background-repeat":"repeat","background-position":"center center","background-size":"auto","background-attachment":"scroll","background-type":"","background-media":"","overlay-type":"","overlay-color":"","overlay-opacity":"","overlay-gradient":""},"tablet":{"background-color":"","background-image":"","background-repeat":"repeat","background-position":"center center","background-size":"auto","background-attachment":"scroll","background-type":"","background-media":"","overlay-type":"","overlay-color":"","overlay-opacity":"","overlay-gradient":""},"mobile":{"background-color":"","background-image":"","background-repeat":"repeat","background-position":"center center","background-size":"auto","background-attachment":"scroll","background-type":"","background-media":"","overlay-type":"","overlay-color":"","overlay-opacity":"","overlay-gradient":""}},"ast-content-background-meta":{"desktop":{"background-color":"var(--ast-global-color-5)","background-image":"","background-repeat":"repeat","background-position":"center center","background-size":"auto","background-attachment":"scroll","background-type":"","background-media":"","overlay-type":"","overlay-color":"","overlay-opacity":"","overlay-gradient":""},"tablet":{"background-color":"var(--ast-global-color-5)","background-image":"","background-repeat":"repeat","background-position":"center center","background-size":"auto","background-attachment":"scroll","background-type":"","background-media":"","overlay-type":"","overlay-color":"","overlay-opacity":"","overlay-gradient":""},"mobile":{"background-color":"var(--ast-global-color-5)","background-image":"","background-repeat":"repeat","background-position":"center center","background-size":"auto","background-attachment":"scroll","background-type":"","background-media":"","overlay-type":"","overlay-color":"","overlay-opacity":"","overlay-gradient":""}},"footnotes":""},"categories":[1,4],"tags":[361,331,360],"class_list":["post-7483","post","type-post","status-publish","format-standard","has-post-thumbnail","hentry","category-general","category-portada","tag-confinament","tag-curs-2019-20","tag-sant-jordi-2020"],"post_mailing_queue_ids":[],"_links":{"self":[{"href":"https:\/\/agora.xtec.cat\/escolabadalonaport\/wp-json\/wp\/v2\/posts\/7483","targetHints":{"allow":["GET"]}}],"collection":[{"href":"https:\/\/agora.xtec.cat\/escolabadalonaport\/wp-json\/wp\/v2\/posts"}],"about":[{"href":"https:\/\/agora.xtec.cat\/escolabadalonaport\/wp-json\/wp\/v2\/types\/post"}],"author":[{"embeddable":true,"href":"https:\/\/agora.xtec.cat\/escolabadalonaport\/wp-json\/wp\/v2\/users\/1"}],"replies":[{"embeddable":true,"href":"https:\/\/agora.xtec.cat\/escolabadalonaport\/wp-json\/wp\/v2\/comments?post=7483"}],"version-history":[{"count":2,"href":"https:\/\/agora.xtec.cat\/escolabadalonaport\/wp-json\/wp\/v2\/posts\/7483\/revisions"}],"predecessor-version":[{"id":7486,"href":"https:\/\/agora.xtec.cat\/escolabadalonaport\/wp-json\/wp\/v2\/posts\/7483\/revisions\/7486"}],"wp:featuredmedia":[{"embeddable":true,"href":"https:\/\/agora.xtec.cat\/escolabadalonaport\/wp-json\/wp\/v2\/media\/7484"}],"wp:attachment":[{"href":"https:\/\/agora.xtec.cat\/escolabadalonaport\/wp-json\/wp\/v2\/media?parent=7483"}],"wp:term":[{"taxonomy":"category","embeddable":true,"href":"https:\/\/agora.xtec.cat\/escolabadalonaport\/wp-json\/wp\/v2\/categories?post=7483"},{"taxonomy":"post_tag","embeddable":true,"href":"https:\/\/agora.xtec.cat\/escolabadalonaport\/wp-json\/wp\/v2\/tags?post=7483"}],"curies":[{"name":"wp","href":"https:\/\/api.w.org\/{rel}","templated":true}]}}