{"id":2568,"date":"2018-11-16T18:29:45","date_gmt":"2018-11-16T17:29:45","guid":{"rendered":"http:\/\/agora.xtec.cat\/escolabadalonaport\/?p=2568"},"modified":"2018-11-13T18:32:50","modified_gmt":"2018-11-13T17:32:50","slug":"xerrada-27-11718-17h-vet-aqui-un-apat","status":"publish","type":"post","link":"https:\/\/agora.xtec.cat\/escolabadalonaport\/general\/xerrada-27-11718-17h-vet-aqui-un-apat\/","title":{"rendered":"XERRADA 27\/11\/18 17h &#8220;Vet aqu\u00ed un \u00e0pat&#8221;"},"content":{"rendered":"<p>Benvolgudes fam\u00edlies,<a href=\"http:\/\/agora.xtec.cat\/escolamossencinto\/portada\/xerrada-sobre-el-projecte-educatiu-vet-aqui-un-apat\/attachment\/cartell-programa-consum-llet-escoles-unio-europea\/\" rel=\"attachment wp-att-4680\"><img loading=\"lazy\" decoding=\"async\" class=\"wp-image-4680 alignright\" src=\"https:\/\/agora.xtec.cat\/escolamossencinto\/wp-content\/uploads\/usu829\/2018\/10\/cartell-programa-consum-llet-escoles-unio-europea.jpg\" sizes=\"auto, (max-width: 592px) 100vw, 592px\" srcset=\"https:\/\/agora.xtec.cat\/escolamossencinto\/wp-content\/uploads\/usu829\/2018\/10\/cartell-programa-consum-llet-escoles-unio-europea.jpg 592w, https:\/\/agora.xtec.cat\/escolamossencinto\/wp-content\/uploads\/usu829\/2018\/10\/cartell-programa-consum-llet-escoles-unio-europea-207x300.jpg 207w\" alt=\"\" width=\"172\" height=\"250\" \/><\/a><\/p>\n<p>L\u2019escola participa en el projecte \u201c<strong>Vet aqu\u00ed un \u00e0pat<\/strong>\u201d que promou el consum de fruites, hortalisses i llet entre l\u2019alumnat de les escoles participants.<\/p>\n<p>Des de la Conselleria d\u2019Agricultura, Ramaderia, Pesca i Alimentaci\u00f3 de la Generalitat de Catalunya ens ofereixen una sessi\u00f3 informativa adre\u00e7ada a fam\u00edlies i professorat amb l\u2019objectiu de con\u00e8ixer els beneficis i la import\u00e0ncia d\u2019aquests aliments per mantenir una dieta saludable i variada.<\/p>\n<p>Us convidem a aquesta xerrada que es far\u00e0 a l\u2019escola <strong>dimarts<\/strong> <strong>27 de novembre<\/strong>\u00a0<strong>a les 17h a la biblioteca<\/strong>.<\/p>\n","protected":false},"excerpt":{"rendered":"<p>Benvolgudes fam\u00edlies, L\u2019escola participa en el projecte \u201cVet aqu\u00ed un \u00e0pat\u201d que promou el consum de fruites, hortalisses i llet entre l\u2019alumnat de les escoles participants. Des de la Conselleria d\u2019Agricultura, Ramaderia, Pesca i Alimentaci\u00f3 de la Generalitat de Catalunya ens ofereixen una sessi\u00f3 informativa adre\u00e7ada a fam\u00edlies i professorat amb l\u2019objectiu de con\u00e8ixer els [&hellip;]<\/p>\n","protected":false},"author":1,"featured_media":2569,"comment_status":"open","ping_status":"closed","sticky":false,"template":"","format":"standard","meta":{"_bbp_topic_count":0,"_bbp_reply_count":0,"_bbp_total_topic_count":0,"_bbp_total_reply_count":0,"_bbp_voice_count":0,"_bbp_anonymous_reply_count":0,"_bbp_topic_count_hidden":0,"_bbp_reply_count_hidden":0,"_bbp_forum_subforum_count":0,"site-sidebar-layout":"default","site-content-layout":"","ast-site-content-layout":"","site-content-style":"default","site-sidebar-style":"default","ast-global-header-display":"","ast-banner-title-visibility":"","ast-main-header-display":"","ast-hfb-above-header-display":"","ast-hfb-below-header-display":"","ast-hfb-mobile-header-display":"","site-post-title":"","ast-breadcrumbs-content":"","ast-featured-img":"","footer-sml-layout":"","theme-transparent-header-meta":"","adv-header-id-meta":"","stick-header-meta":"","header-above-stick-meta":"","header-main-stick-meta":"","header-below-stick-meta":"","astra-migrate-meta-layouts":"default","ast-page-background-enabled":"default","ast-page-background-meta":{"desktop":{"background-color":"var(--ast-global-color-4)","background-image":"","background-repeat":"repeat","background-position":"center center","background-size":"auto","background-attachment":"scroll","background-type":"","background-media":"","overlay-type":"","overlay-color":"","overlay-opacity":"","overlay-gradient":""},"tablet":{"background-color":"","background-image":"","background-repeat":"repeat","background-position":"center center","background-size":"auto","background-attachment":"scroll","background-type":"","background-media":"","overlay-type":"","overlay-color":"","overlay-opacity":"","overlay-gradient":""},"mobile":{"background-color":"","background-image":"","background-repeat":"repeat","background-position":"center center","background-size":"auto","background-attachment":"scroll","background-type":"","background-media":"","overlay-type":"","overlay-color":"","overlay-opacity":"","overlay-gradient":""}},"ast-content-background-meta":{"desktop":{"background-color":"var(--ast-global-color-5)","background-image":"","background-repeat":"repeat","background-position":"center center","background-size":"auto","background-attachment":"scroll","background-type":"","background-media":"","overlay-type":"","overlay-color":"","overlay-opacity":"","overlay-gradient":""},"tablet":{"background-color":"var(--ast-global-color-5)","background-image":"","background-repeat":"repeat","background-position":"center center","background-size":"auto","background-attachment":"scroll","background-type":"","background-media":"","overlay-type":"","overlay-color":"","overlay-opacity":"","overlay-gradient":""},"mobile":{"background-color":"var(--ast-global-color-5)","background-image":"","background-repeat":"repeat","background-position":"center center","background-size":"auto","background-attachment":"scroll","background-type":"","background-media":"","overlay-type":"","overlay-color":"","overlay-opacity":"","overlay-gradient":""}},"footnotes":""},"categories":[1,4],"tags":[247,277],"class_list":["post-2568","post","type-post","status-publish","format-standard","has-post-thumbnail","hentry","category-general","category-portada","tag-curs-2018-19","tag-xerrada-families"],"post_mailing_queue_ids":[],"_links":{"self":[{"href":"https:\/\/agora.xtec.cat\/escolabadalonaport\/wp-json\/wp\/v2\/posts\/2568","targetHints":{"allow":["GET"]}}],"collection":[{"href":"https:\/\/agora.xtec.cat\/escolabadalonaport\/wp-json\/wp\/v2\/posts"}],"about":[{"href":"https:\/\/agora.xtec.cat\/escolabadalonaport\/wp-json\/wp\/v2\/types\/post"}],"author":[{"embeddable":true,"href":"https:\/\/agora.xtec.cat\/escolabadalonaport\/wp-json\/wp\/v2\/users\/1"}],"replies":[{"embeddable":true,"href":"https:\/\/agora.xtec.cat\/escolabadalonaport\/wp-json\/wp\/v2\/comments?post=2568"}],"version-history":[{"count":2,"href":"https:\/\/agora.xtec.cat\/escolabadalonaport\/wp-json\/wp\/v2\/posts\/2568\/revisions"}],"predecessor-version":[{"id":2571,"href":"https:\/\/agora.xtec.cat\/escolabadalonaport\/wp-json\/wp\/v2\/posts\/2568\/revisions\/2571"}],"wp:featuredmedia":[{"embeddable":true,"href":"https:\/\/agora.xtec.cat\/escolabadalonaport\/wp-json\/wp\/v2\/media\/2569"}],"wp:attachment":[{"href":"https:\/\/agora.xtec.cat\/escolabadalonaport\/wp-json\/wp\/v2\/media?parent=2568"}],"wp:term":[{"taxonomy":"category","embeddable":true,"href":"https:\/\/agora.xtec.cat\/escolabadalonaport\/wp-json\/wp\/v2\/categories?post=2568"},{"taxonomy":"post_tag","embeddable":true,"href":"https:\/\/agora.xtec.cat\/escolabadalonaport\/wp-json\/wp\/v2\/tags?post=2568"}],"curies":[{"name":"wp","href":"https:\/\/api.w.org\/{rel}","templated":true}]}}