{"id":12731,"date":"2024-10-04T15:27:56","date_gmt":"2024-10-04T13:27:56","guid":{"rendered":"https:\/\/agora.xtec.cat\/escolabadalonaport\/?p=12731"},"modified":"2024-10-04T15:50:38","modified_gmt":"2024-10-04T13:50:38","slug":"commemorem-el-dia-mundial-de-la-salut-mental-amb-diverses-activitats-a-la-nostra-ciutat","status":"publish","type":"post","link":"https:\/\/agora.xtec.cat\/escolabadalonaport\/general\/commemorem-el-dia-mundial-de-la-salut-mental-amb-diverses-activitats-a-la-nostra-ciutat\/","title":{"rendered":"Commemorem el Dia Mundial de la Salut Mental amb diverses activitats a la nostra ciutat"},"content":{"rendered":"<div>El proper dia 10 d&#8217; Octubre, commemorem el dia Mundial de la Salut Mental, i la Taula de Benestar Emocional de ciutat ha organitzat tot un conjunt d&#8217;accions durant la setmana, per sensibilitzar i conscienciar sobre la import\u00e0ncia de cuidar-nos tamb\u00e9 en l&#8217;\u00e0mbit emocional.<\/div>\n<div><\/div>\n<div>Us fem arribar les activitats, tant el cartell gen\u00e8ric com algunes altres que es realitzen a les diferents biblioteques de la ciutat.<\/div>\n<div><\/div>\n<div><a href=\"https:\/\/agora.xtec.cat\/escolabadalonaport\/wp-content\/uploads\/usu1791\/2024\/10\/SETMANA-SALUT-MENTAL_cartell-A3-D.pdf\">https:\/\/agora.xtec.cat\/escolabadalonaport\/wp-content\/uploads\/usu1791\/2024\/10\/SETMANA-SALUT-MENTAL_cartell-A3-D.pdf<\/a><\/div>\n<div><\/div>\n<div><\/div>\n<div><a href=\"https:\/\/agora.xtec.cat\/escolabadalonaport\/wp-content\/uploads\/usu1791\/2024\/10\/HoradelConte_SalutMental_Cartell.pdf\">https:\/\/agora.xtec.cat\/escolabadalonaport\/wp-content\/uploads\/usu1791\/2024\/10\/HoradelConte_SalutMental_Cartell.pdf<\/a><\/div>\n<div><\/div>\n<div><\/div>\n<div><a href=\"https:\/\/agora.xtec.cat\/escolabadalonaport\/wp-content\/uploads\/usu1791\/2024\/10\/SETMANA-SALUT-MENTAL_diptic-D.pdf\">https:\/\/agora.xtec.cat\/escolabadalonaport\/wp-content\/uploads\/usu1791\/2024\/10\/SETMANA-SALUT-MENTAL_diptic-D.pdf<\/a><\/div>\n<div><\/div>\n<div><\/div>\n<div><a href=\"https:\/\/agora.xtec.cat\/escolabadalonaport\/wp-content\/uploads\/usu1791\/2024\/10\/Altresveus_241003_cartell_digital.pdf\">https:\/\/agora.xtec.cat\/escolabadalonaport\/wp-content\/uploads\/usu1791\/2024\/10\/Altresveus_241003_cartell_digital.pdf<\/a><\/div>\n<div id=\"m_-3204938219307929977Signature\">\n<div><\/div>\n<div><a title=\"https:\/\/seu.badalona.cat\/sta\/CarpetaPublic\/login?APP_CODE=STA&amp;PAGE_CODE=PTS_PROTECDATA\" href=\"https:\/\/seu.badalona.cat\/sta\/CarpetaPublic\/login?APP_CODE=STA&amp;PAGE_CODE=PTS_PROTECDATA\" target=\"_blank\" rel=\"noopener\" data-saferedirecturl=\"https:\/\/www.google.com\/url?q=https:\/\/seu.badalona.cat\/sta\/CarpetaPublic\/login?APP_CODE%3DSTA%26PAGE_CODE%3DPTS_PROTECDATA&amp;source=gmail&amp;ust=1728122515136000&amp;usg=AOvVaw13HyDVe3fF3SaHMu6Np5fs\"><img decoding=\"async\" class=\"CToWUd\" src=\"https:\/\/mail.google.com\/mail\/u\/0?ui=2&amp;ik=57ed29bfbe&amp;attid=0.0.1&amp;permmsgid=msg-f:1811799482413102139&amp;th=1924ce07a978343b&amp;view=fimg&amp;fur=ip&amp;sz=s0-l75-ft&amp;attbid=ANGjdJ8cQhwGeWLunTclnmmSWJe1JIHn8Hs1XXdW99i2KF1OlL6g686-h6quyigWp6HvAI1u4bPesz68EZHtws9H2IrZBU4u1HDEHwx5eFSaoPn-EJeFpb6hbUnAd4o&amp;disp=emb\" data-image-whitelisted=\"\" data-bit=\"iit\" \/><\/a><\/div>\n<\/div>\n","protected":false},"excerpt":{"rendered":"<p>El proper dia 10 d&#8217; Octubre, commemorem el dia Mundial de la Salut Mental, i la Taula de Benestar Emocional de ciutat ha organitzat tot un conjunt d&#8217;accions durant la setmana, per sensibilitzar i conscienciar sobre la import\u00e0ncia de cuidar-nos tamb\u00e9 en l&#8217;\u00e0mbit emocional. Us fem arribar les activitats, tant el cartell gen\u00e8ric com algunes [&hellip;]<\/p>\n","protected":false},"author":1,"featured_media":12742,"comment_status":"open","ping_status":"closed","sticky":false,"template":"","format":"standard","meta":{"_bbp_topic_count":0,"_bbp_reply_count":0,"_bbp_total_topic_count":0,"_bbp_total_reply_count":0,"_bbp_voice_count":0,"_bbp_anonymous_reply_count":0,"_bbp_topic_count_hidden":0,"_bbp_reply_count_hidden":0,"_bbp_forum_subforum_count":0,"site-sidebar-layout":"default","site-content-layout":"","ast-site-content-layout":"","site-content-style":"default","site-sidebar-style":"default","ast-global-header-display":"","ast-banner-title-visibility":"","ast-main-header-display":"","ast-hfb-above-header-display":"","ast-hfb-below-header-display":"","ast-hfb-mobile-header-display":"","site-post-title":"","ast-breadcrumbs-content":"","ast-featured-img":"","footer-sml-layout":"","theme-transparent-header-meta":"","adv-header-id-meta":"","stick-header-meta":"","header-above-stick-meta":"","header-main-stick-meta":"","header-below-stick-meta":"","astra-migrate-meta-layouts":"default","ast-page-background-enabled":"default","ast-page-background-meta":{"desktop":{"background-color":"var(--ast-global-color-4)","background-image":"","background-repeat":"repeat","background-position":"center center","background-size":"auto","background-attachment":"scroll","background-type":"","background-media":"","overlay-type":"","overlay-color":"","overlay-opacity":"","overlay-gradient":""},"tablet":{"background-color":"","background-image":"","background-repeat":"repeat","background-position":"center center","background-size":"auto","background-attachment":"scroll","background-type":"","background-media":"","overlay-type":"","overlay-color":"","overlay-opacity":"","overlay-gradient":""},"mobile":{"background-color":"","background-image":"","background-repeat":"repeat","background-position":"center center","background-size":"auto","background-attachment":"scroll","background-type":"","background-media":"","overlay-type":"","overlay-color":"","overlay-opacity":"","overlay-gradient":""}},"ast-content-background-meta":{"desktop":{"background-color":"var(--ast-global-color-5)","background-image":"","background-repeat":"repeat","background-position":"center center","background-size":"auto","background-attachment":"scroll","background-type":"","background-media":"","overlay-type":"","overlay-color":"","overlay-opacity":"","overlay-gradient":""},"tablet":{"background-color":"var(--ast-global-color-5)","background-image":"","background-repeat":"repeat","background-position":"center center","background-size":"auto","background-attachment":"scroll","background-type":"","background-media":"","overlay-type":"","overlay-color":"","overlay-opacity":"","overlay-gradient":""},"mobile":{"background-color":"var(--ast-global-color-5)","background-image":"","background-repeat":"repeat","background-position":"center center","background-size":"auto","background-attachment":"scroll","background-type":"","background-media":"","overlay-type":"","overlay-color":"","overlay-opacity":"","overlay-gradient":""}},"footnotes":""},"categories":[1,4],"tags":[465],"class_list":["post-12731","post","type-post","status-publish","format-standard","has-post-thumbnail","hentry","category-general","category-portada","tag-salut"],"post_mailing_queue_ids":[],"_links":{"self":[{"href":"https:\/\/agora.xtec.cat\/escolabadalonaport\/wp-json\/wp\/v2\/posts\/12731","targetHints":{"allow":["GET"]}}],"collection":[{"href":"https:\/\/agora.xtec.cat\/escolabadalonaport\/wp-json\/wp\/v2\/posts"}],"about":[{"href":"https:\/\/agora.xtec.cat\/escolabadalonaport\/wp-json\/wp\/v2\/types\/post"}],"author":[{"embeddable":true,"href":"https:\/\/agora.xtec.cat\/escolabadalonaport\/wp-json\/wp\/v2\/users\/1"}],"replies":[{"embeddable":true,"href":"https:\/\/agora.xtec.cat\/escolabadalonaport\/wp-json\/wp\/v2\/comments?post=12731"}],"version-history":[{"count":6,"href":"https:\/\/agora.xtec.cat\/escolabadalonaport\/wp-json\/wp\/v2\/posts\/12731\/revisions"}],"predecessor-version":[{"id":12744,"href":"https:\/\/agora.xtec.cat\/escolabadalonaport\/wp-json\/wp\/v2\/posts\/12731\/revisions\/12744"}],"wp:featuredmedia":[{"embeddable":true,"href":"https:\/\/agora.xtec.cat\/escolabadalonaport\/wp-json\/wp\/v2\/media\/12742"}],"wp:attachment":[{"href":"https:\/\/agora.xtec.cat\/escolabadalonaport\/wp-json\/wp\/v2\/media?parent=12731"}],"wp:term":[{"taxonomy":"category","embeddable":true,"href":"https:\/\/agora.xtec.cat\/escolabadalonaport\/wp-json\/wp\/v2\/categories?post=12731"},{"taxonomy":"post_tag","embeddable":true,"href":"https:\/\/agora.xtec.cat\/escolabadalonaport\/wp-json\/wp\/v2\/tags?post=12731"}],"curies":[{"name":"wp","href":"https:\/\/api.w.org\/{rel}","templated":true}]}}