{"id":12253,"date":"2023-11-10T13:45:47","date_gmt":"2023-11-10T12:45:47","guid":{"rendered":"https:\/\/agora.xtec.cat\/escolabadalonaport\/?p=12253"},"modified":"2023-11-10T13:45:47","modified_gmt":"2023-11-10T12:45:47","slug":"ens-nodrim-fem-xarxa","status":"publish","type":"post","link":"https:\/\/agora.xtec.cat\/escolabadalonaport\/general\/ens-nodrim-fem-xarxa\/","title":{"rendered":"ENS NODRIM: FEM XARXA!"},"content":{"rendered":"<div id=\"m_9177207807486239404m_-225365662602260213gmail-:sf\">\n<div id=\"m_9177207807486239404m_-225365662602260213gmail-:1jz\">\n<div dir=\"ltr\">\n<p>Benvolgudes, benvolguts,<\/p>\n<p>Des del\u00a0<i>Programa de Formaci\u00f3 per a Fam\u00edlies<\/i>\u00a0de l&#8217;Ajuntament de Badalona us recordem que la setmana vinent tenim les dues darreres\u00a0<b>trobades-taller amb les AFA\/AMPA: Ens nodrim: Fem xarxa!\u00a0<\/b><\/p>\n<p>Tenim moltes ganes de retrobar-nos, compartir i aprendre.<\/p>\n<p><b>Podeu venir a qualsevol d&#8217;aquestes trobades:<\/b><\/p>\n<p><b>&gt;\u00a0<\/b>Dilluns 13 de novembre, de 17 a 18.30 h &#8211; Escola Vent\u00f3s Mir<\/p>\n<p><b>&gt;\u00a0<\/b>Dimarts 14 de novembre, de 18.30 a 20 h &#8211; Institut Badalona VII<\/p>\n<p>Trieu la vostra opci\u00f3 i ompliu el formulari\u00a0seg\u00fcent\u00a0a trav\u00e9s de l&#8217;enlla\u00e7 o el QR:<\/p>\n<p>Trobada\/taller per a les AFA\/AMPA<\/p>\n<p><b>Ens nodrim: Fem xarxa!\u00a0<\/b><\/p>\n<p>Un espai per retrobar-nos, compartir i aprendre<\/p>\n<p><u><a id=\"m_9177207807486239404m_-225365662602260213m_-2277881085534739511m_9062519997310269529m_3276808072397581238m_-2348367111327642925m_-8750304708515395173m_5982825946045518441m_3350779946499447070m_6083304653449162778m_4917577283273399233m_1724323474998510029m_-2194305873692849540OWA7ac59a42-f20f-68ee-46d9-8b62a425b8db\" title=\"https:\/\/bit.ly\/TrobadatallerPFF\" href=\"https:\/\/atpscan.global.hornetsecurity.com\/index.php?atp_str=XU5tWfwVw-Mv67TrW2KkCtOYmJRDjYFY_Vp65bFq3e-WgqD6YYCaY_-8O2owRHKapizhfZcHGogiEu3rFNaCKG9ZOkum6hU-HMYRV32OKOMrY2TkPo6kEGvNUMGrJgB7kYhLHfI7ZpWofwS_4kGTPUAaIEEn-5OTf2Q4cnNye7UpfyJ_2qmHq22XZBzS_UdoHLNnbkzeg-GTcdoMXipujKaFBAh5e_jx4tyUzrf1QRFh-g8AgKcE-lcfAj9pCzTPsq72Hao5YiMpOyxhY-6d9XcT43bGXlzdn7G4-Ta-HCM6OiNntXiK4OO-EPhhTjkjOjojBcgCXxe3Q9u5DtjiwZ07JA\" target=\"_blank\" rel=\"noopener\" data-saferedirecturl=\"https:\/\/www.google.com\/url?q=https:\/\/atpscan.global.hornetsecurity.com\/index.php?atp_str%3DXU5tWfwVw-Mv67TrW2KkCtOYmJRDjYFY_Vp65bFq3e-WgqD6YYCaY_-8O2owRHKapizhfZcHGogiEu3rFNaCKG9ZOkum6hU-HMYRV32OKOMrY2TkPo6kEGvNUMGrJgB7kYhLHfI7ZpWofwS_4kGTPUAaIEEn-5OTf2Q4cnNye7UpfyJ_2qmHq22XZBzS_UdoHLNnbkzeg-GTcdoMXipujKaFBAh5e_jx4tyUzrf1QRFh-g8AgKcE-lcfAj9pCzTPsq72Hao5YiMpOyxhY-6d9XcT43bGXlzdn7G4-Ta-HCM6OiNntXiK4OO-EPhhTjkjOjojBcgCXxe3Q9u5DtjiwZ07JA&amp;source=gmail&amp;ust=1699706067286000&amp;usg=AOvVaw3FRMqqec043iJspRamHcZ1\">https:\/\/bit.ly\/<wbr \/>TrobadatallerPFF<\/a><\/u><\/p>\n<div><img loading=\"lazy\" decoding=\"async\" class=\"CToWUd a6T\" tabindex=\"0\" src=\"https:\/\/mail.google.com\/mail\/u\/0?ui=2&amp;ik=57ed29bfbe&amp;attid=0.0.1&amp;permmsgid=msg-f:1782178212510234269&amp;th=18bb91a4531cf69d&amp;view=fimg&amp;fur=ip&amp;sz=s0-l75-ft&amp;attbid=ANGjdJ-vRI4mf2uLnArWzXPbsQ23uvmsN0BbGh0RIdilaX2MqdTRUzETrjCqCvL8vyI7N2V2HQFWXCpqoqIdndBVHDKIN0c7mssWAZX__xHs0Bqmq_D4KEa8f06tJFw&amp;disp=emb&amp;realattid=ii_loskdzad2\" alt=\"PFF-Trobada_ Ens nodrim_ fem xarxa_QR.png\" width=\"181\" height=\"181\" data-image-whitelisted=\"\" data-bit=\"iit\" \/><\/div>\n<div><\/div>\n<p><b>Ens agradar\u00e0 molt comptar amb vosaltres, per gaudir i aprendre entre totes!<\/b><\/p>\n<p>Recorda que aquesta activitat est\u00e0 adre\u00e7ada a mares, pares, \u00e0vies, avis i tutors que participen o volen participar en l&#8217;escola bressol, centre d&#8217;infantil i prim\u00e0ria, institut o centre de secund\u00e0ria, que tinguin ganes de passar-ho b\u00e9 fent xarxa amb altres fam\u00edlies.<\/p>\n<p>Parlarem sobre com estem, qu\u00e8 necessitem i quines eines poden ajudar-nos a estar millor.<\/p>\n<p><b>Vine tant si ets o no de l&#8217;AFA\/AMPA o, simplement, si tens ganes de compartir amb altres fam\u00edlies.<\/b><\/p>\n<p><b>Gr\u00e0cies per fer arribar aquesta informaci\u00f3 a qui pugui agradar participar-hi.<\/b><\/p>\n<p>Adjuntem, el cartell de l&#8217;activitat i una imatge per compartir per whatsApp o xarxes socials.<\/p>\n<p>Gr\u00e0cies!<\/p>\n<p><b>Coordinaci\u00f3<\/b><\/p>\n<p>Programa de Formaci\u00f3 per a Fam\u00edlies<\/p>\n<p><u><a id=\"m_9177207807486239404m_-225365662602260213m_-2277881085534739511m_9062519997310269529m_3276808072397581238m_-2348367111327642925m_-8750304708515395173m_5982825946045518441m_3350779946499447070m_6083304653449162778m_4917577283273399233m_1724323474998510029m_-2194305873692849540OWA40d8bb4c-f56c-3a47-b6e3-08e2f1fd1e18\" href=\"mailto:pff.badalona@gmail.com\" target=\"_blank\" rel=\"noopener\">pff.badalona@gmail.com<\/a><\/u><\/p>\n<p>Servei d&#8217;Educaci\u00f3<\/p>\n<p>Ajuntament de Badalona<\/p>\n<\/div>\n<\/div>\n<\/div>\n","protected":false},"excerpt":{"rendered":"<p>Benvolgudes, benvolguts, Des del\u00a0Programa de Formaci\u00f3 per a Fam\u00edlies\u00a0de l&#8217;Ajuntament de Badalona us recordem que la setmana vinent tenim les dues darreres\u00a0trobades-taller amb les AFA\/AMPA: Ens nodrim: Fem xarxa!\u00a0 Tenim moltes ganes de retrobar-nos, compartir i aprendre. Podeu venir a qualsevol d&#8217;aquestes trobades: &gt;\u00a0Dilluns 13 de novembre, de 17 a 18.30 h &#8211; Escola Vent\u00f3s [&hellip;]<\/p>\n","protected":false},"author":1,"featured_media":12254,"comment_status":"open","ping_status":"closed","sticky":false,"template":"","format":"standard","meta":{"_bbp_topic_count":0,"_bbp_reply_count":0,"_bbp_total_topic_count":0,"_bbp_total_reply_count":0,"_bbp_voice_count":0,"_bbp_anonymous_reply_count":0,"_bbp_topic_count_hidden":0,"_bbp_reply_count_hidden":0,"_bbp_forum_subforum_count":0,"site-sidebar-layout":"default","site-content-layout":"","ast-site-content-layout":"","site-content-style":"default","site-sidebar-style":"default","ast-global-header-display":"","ast-banner-title-visibility":"","ast-main-header-display":"","ast-hfb-above-header-display":"","ast-hfb-below-header-display":"","ast-hfb-mobile-header-display":"","site-post-title":"","ast-breadcrumbs-content":"","ast-featured-img":"","footer-sml-layout":"","theme-transparent-header-meta":"","adv-header-id-meta":"","stick-header-meta":"","header-above-stick-meta":"","header-main-stick-meta":"","header-below-stick-meta":"","astra-migrate-meta-layouts":"default","ast-page-background-enabled":"default","ast-page-background-meta":{"desktop":{"background-color":"var(--ast-global-color-4)","background-image":"","background-repeat":"repeat","background-position":"center center","background-size":"auto","background-attachment":"scroll","background-type":"","background-media":"","overlay-type":"","overlay-color":"","overlay-opacity":"","overlay-gradient":""},"tablet":{"background-color":"","background-image":"","background-repeat":"repeat","background-position":"center center","background-size":"auto","background-attachment":"scroll","background-type":"","background-media":"","overlay-type":"","overlay-color":"","overlay-opacity":"","overlay-gradient":""},"mobile":{"background-color":"","background-image":"","background-repeat":"repeat","background-position":"center center","background-size":"auto","background-attachment":"scroll","background-type":"","background-media":"","overlay-type":"","overlay-color":"","overlay-opacity":"","overlay-gradient":""}},"ast-content-background-meta":{"desktop":{"background-color":"var(--ast-global-color-5)","background-image":"","background-repeat":"repeat","background-position":"center center","background-size":"auto","background-attachment":"scroll","background-type":"","background-media":"","overlay-type":"","overlay-color":"","overlay-opacity":"","overlay-gradient":""},"tablet":{"background-color":"var(--ast-global-color-5)","background-image":"","background-repeat":"repeat","background-position":"center center","background-size":"auto","background-attachment":"scroll","background-type":"","background-media":"","overlay-type":"","overlay-color":"","overlay-opacity":"","overlay-gradient":""},"mobile":{"background-color":"var(--ast-global-color-5)","background-image":"","background-repeat":"repeat","background-position":"center center","background-size":"auto","background-attachment":"scroll","background-type":"","background-media":"","overlay-type":"","overlay-color":"","overlay-opacity":"","overlay-gradient":""}},"footnotes":""},"categories":[1,4],"tags":[],"class_list":["post-12253","post","type-post","status-publish","format-standard","has-post-thumbnail","hentry","category-general","category-portada"],"post_mailing_queue_ids":[],"_links":{"self":[{"href":"https:\/\/agora.xtec.cat\/escolabadalonaport\/wp-json\/wp\/v2\/posts\/12253","targetHints":{"allow":["GET"]}}],"collection":[{"href":"https:\/\/agora.xtec.cat\/escolabadalonaport\/wp-json\/wp\/v2\/posts"}],"about":[{"href":"https:\/\/agora.xtec.cat\/escolabadalonaport\/wp-json\/wp\/v2\/types\/post"}],"author":[{"embeddable":true,"href":"https:\/\/agora.xtec.cat\/escolabadalonaport\/wp-json\/wp\/v2\/users\/1"}],"replies":[{"embeddable":true,"href":"https:\/\/agora.xtec.cat\/escolabadalonaport\/wp-json\/wp\/v2\/comments?post=12253"}],"version-history":[{"count":1,"href":"https:\/\/agora.xtec.cat\/escolabadalonaport\/wp-json\/wp\/v2\/posts\/12253\/revisions"}],"predecessor-version":[{"id":12255,"href":"https:\/\/agora.xtec.cat\/escolabadalonaport\/wp-json\/wp\/v2\/posts\/12253\/revisions\/12255"}],"wp:featuredmedia":[{"embeddable":true,"href":"https:\/\/agora.xtec.cat\/escolabadalonaport\/wp-json\/wp\/v2\/media\/12254"}],"wp:attachment":[{"href":"https:\/\/agora.xtec.cat\/escolabadalonaport\/wp-json\/wp\/v2\/media?parent=12253"}],"wp:term":[{"taxonomy":"category","embeddable":true,"href":"https:\/\/agora.xtec.cat\/escolabadalonaport\/wp-json\/wp\/v2\/categories?post=12253"},{"taxonomy":"post_tag","embeddable":true,"href":"https:\/\/agora.xtec.cat\/escolabadalonaport\/wp-json\/wp\/v2\/tags?post=12253"}],"curies":[{"name":"wp","href":"https:\/\/api.w.org\/{rel}","templated":true}]}}