{"id":910,"date":"2019-04-12T13:31:11","date_gmt":"2019-04-12T11:31:11","guid":{"rendered":"http:\/\/agora.xtec.cat\/escolabacdecerdanya\/?p=910"},"modified":"2019-04-12T13:32:07","modified_gmt":"2019-04-12T11:32:07","slug":"espai-de-lectura-i-decoracio-de-sant-jordi","status":"publish","type":"post","link":"https:\/\/agora.xtec.cat\/escolabacdecerdanya\/general\/espai-de-lectura-i-decoracio-de-sant-jordi\/","title":{"rendered":"Espai de lectura i decoraci\u00f3 de Sant Jordi"},"content":{"rendered":"<p>A l&#8217;escola ja es respira olor a <strong><span style=\"color: #ff0000;\">llibres i roses! <\/span><\/strong><\/p>\n<p>Ja ho tenim tot preparat per celebrar <strong><span style=\"color: #ff0000;\">Sant Jordi<\/span><\/strong> a la tornada de les vacances!<\/p>\n<p>A l&#8217;entrada de l&#8217;escola hem creat un rac\u00f3 de lectura perqu\u00e8 els alumnes puguin llegir c\u00f2modament a les hores de pati i menjador i tamb\u00e9 en algunes hores programades amb els mestres.<\/p>\n<p>&nbsp;<\/p>\n<p><a href=\"https:\/\/photos.app.goo.gl\/kAwjgEBToHWD7PQk8\"><img loading=\"lazy\" decoding=\"async\" class=\"aligncenter wp-image-913 size-large\" src=\"https:\/\/agora.xtec.cat\/escolabacdecerdanya\/wp-content\/uploads\/usu1753\/2019\/04\/lectura-1024x768.jpg\" alt=\"\" width=\"1024\" height=\"768\" srcset=\"https:\/\/agora.xtec.cat\/escolabacdecerdanya\/wp-content\/uploads\/usu1753\/2019\/04\/lectura-1024x768.jpg 1024w, https:\/\/agora.xtec.cat\/escolabacdecerdanya\/wp-content\/uploads\/usu1753\/2019\/04\/lectura-300x225.jpg 300w, https:\/\/agora.xtec.cat\/escolabacdecerdanya\/wp-content\/uploads\/usu1753\/2019\/04\/lectura-768x576.jpg 768w, https:\/\/agora.xtec.cat\/escolabacdecerdanya\/wp-content\/uploads\/usu1753\/2019\/04\/lectura-200x150.jpg 200w\" sizes=\"auto, (max-width: 1024px) 100vw, 1024px\" \/><\/a><\/p>\n<p>&nbsp;<\/p>\n<p>A l&#8217;escala que puja al pis de dalt se&#8217;ns hi ha instal\u00b7lat un drac que esperem que no sigui gaire ferotge!<\/p>\n<p><a href=\"https:\/\/photos.app.goo.gl\/kAwjgEBToHWD7PQk8\"><img loading=\"lazy\" decoding=\"async\" class=\"aligncenter wp-image-911 size-large\" src=\"https:\/\/agora.xtec.cat\/escolabacdecerdanya\/wp-content\/uploads\/usu1753\/2019\/04\/IMG-20190411-WA0018-1024x768.jpg\" alt=\"\" width=\"1024\" height=\"768\" srcset=\"https:\/\/agora.xtec.cat\/escolabacdecerdanya\/wp-content\/uploads\/usu1753\/2019\/04\/IMG-20190411-WA0018-1024x768.jpg 1024w, https:\/\/agora.xtec.cat\/escolabacdecerdanya\/wp-content\/uploads\/usu1753\/2019\/04\/IMG-20190411-WA0018-300x225.jpg 300w, https:\/\/agora.xtec.cat\/escolabacdecerdanya\/wp-content\/uploads\/usu1753\/2019\/04\/IMG-20190411-WA0018-768x576.jpg 768w, https:\/\/agora.xtec.cat\/escolabacdecerdanya\/wp-content\/uploads\/usu1753\/2019\/04\/IMG-20190411-WA0018-200x150.jpg 200w, https:\/\/agora.xtec.cat\/escolabacdecerdanya\/wp-content\/uploads\/usu1753\/2019\/04\/IMG-20190411-WA0018.jpg 1600w\" sizes=\"auto, (max-width: 1024px) 100vw, 1024px\" \/><\/a><\/p>\n<h4>Bones vacances a tots i ens veiem a la tornada per celebrar Sant Jordi tots plegats!<\/h4>\n<h4>Bona Pascua!!<\/h4>\n","protected":false},"excerpt":{"rendered":"<p>A l&#8217;escola ja es respira olor a llibres i roses!<br \/>\nJa ho tenim tot preparat per celebrar Sant Jordi a la tornada de les vacances!<br \/>\nA l&#8217;entrada de l&#8217;escola hem creat un rac\u00f3 de lectura perqu\u00e8 els alumnes puguin llegir c\u00f2modament a les hores de pati&hellip;  <a href=\"https:\/\/agora.xtec.cat\/escolabacdecerdanya\/general\/espai-de-lectura-i-decoracio-de-sant-jordi\/\" title=\"Read Espai de lectura i decoraci\u00f3 de Sant Jordi\">Llegeix m\u00e9s\u00bb<\/a><\/p>\n","protected":false},"author":1,"featured_media":911,"comment_status":"open","ping_status":"closed","sticky":false,"template":"","format":"standard","meta":{"_bbp_topic_count":0,"_bbp_reply_count":0,"_bbp_total_topic_count":0,"_bbp_total_reply_count":0,"_bbp_voice_count":0,"_bbp_anonymous_reply_count":0,"_bbp_topic_count_hidden":0,"_bbp_reply_count_hidden":0,"_bbp_forum_subforum_count":0,"footnotes":""},"categories":[1,4,92],"tags":[],"class_list":["post-910","post","type-post","status-publish","format-standard","has-post-thumbnail","hentry","category-general","category-portada","category-sant-jordi"],"post_mailing_queue_ids":[],"_links":{"self":[{"href":"https:\/\/agora.xtec.cat\/escolabacdecerdanya\/wp-json\/wp\/v2\/posts\/910","targetHints":{"allow":["GET"]}}],"collection":[{"href":"https:\/\/agora.xtec.cat\/escolabacdecerdanya\/wp-json\/wp\/v2\/posts"}],"about":[{"href":"https:\/\/agora.xtec.cat\/escolabacdecerdanya\/wp-json\/wp\/v2\/types\/post"}],"author":[{"embeddable":true,"href":"https:\/\/agora.xtec.cat\/escolabacdecerdanya\/wp-json\/wp\/v2\/users\/1"}],"replies":[{"embeddable":true,"href":"https:\/\/agora.xtec.cat\/escolabacdecerdanya\/wp-json\/wp\/v2\/comments?post=910"}],"version-history":[{"count":1,"href":"https:\/\/agora.xtec.cat\/escolabacdecerdanya\/wp-json\/wp\/v2\/posts\/910\/revisions"}],"predecessor-version":[{"id":914,"href":"https:\/\/agora.xtec.cat\/escolabacdecerdanya\/wp-json\/wp\/v2\/posts\/910\/revisions\/914"}],"wp:featuredmedia":[{"embeddable":true,"href":"https:\/\/agora.xtec.cat\/escolabacdecerdanya\/wp-json\/wp\/v2\/media\/911"}],"wp:attachment":[{"href":"https:\/\/agora.xtec.cat\/escolabacdecerdanya\/wp-json\/wp\/v2\/media?parent=910"}],"wp:term":[{"taxonomy":"category","embeddable":true,"href":"https:\/\/agora.xtec.cat\/escolabacdecerdanya\/wp-json\/wp\/v2\/categories?post=910"},{"taxonomy":"post_tag","embeddable":true,"href":"https:\/\/agora.xtec.cat\/escolabacdecerdanya\/wp-json\/wp\/v2\/tags?post=910"}],"curies":[{"name":"wp","href":"https:\/\/api.w.org\/{rel}","templated":true}]}}