{"id":872,"date":"2019-03-18T15:19:00","date_gmt":"2019-03-18T14:19:00","guid":{"rendered":"http:\/\/agora.xtec.cat\/escolabacdecerdanya\/?p=872"},"modified":"2019-03-18T15:36:00","modified_gmt":"2019-03-18T14:36:00","slug":"els-de-6e-treballem-amb-el-makey-makey","status":"publish","type":"post","link":"https:\/\/agora.xtec.cat\/escolabacdecerdanya\/general\/els-de-6e-treballem-amb-el-makey-makey\/","title":{"rendered":"Els de 6\u00e8 treballem amb el Makey-Makey"},"content":{"rendered":"<p><span style=\"font-family: Arial, Helvetica, sans-serif;\">Dins el projecte de Medi &#8220;Mat\u00e8ria i Energia&#8221; els alumnes de 6\u00e8 estan dissenyant i creant projectes amb el Makey-Makey.<\/span><\/p>\n<p><span style=\"font-family: Arial, Helvetica, sans-serif;\">El Makey-Makey \u00e9s una placa que permet assignar les funcions de les tecles del teclat a qualsevol material conductor de l&#8217;electricitat.<\/span><\/p>\n<p><span style=\"font-family: Arial, Helvetica, sans-serif;\">Us deixem les imatges del proc\u00e9s de creaci\u00f3 i investigaci\u00f3. Un cop acabem els projectes us en penjarem els v\u00eddeos!<\/span><\/p>\n<p>Cliqueu la imatge per veure m\u00e9s\u00a0<span style=\"font-family: Arial, Helvetica, sans-serif; font-size: 1em;\">fotos!<\/span><\/p>\n<p><a href=\"https:\/\/photos.app.goo.gl\/qHenUjCLktmeBgt19\" target=\"_blank\" rel=\"noopener\"><img loading=\"lazy\" decoding=\"async\" class=\"aligncenter\" src=\"https:\/\/1.bp.blogspot.com\/-xA1GnVYL890\/XI-m3tlOUJI\/AAAAAAAAUW4\/MQKfIMergYgUbJ9Rv0-q4iUcNfEva7V3gCKgBGAs\/s640\/20190123_095943.jpg\" width=\"640\" height=\"310\" border=\"0\" data-original-width=\"1600\" data-original-height=\"778\" \/><\/a><\/p>\n<p>&nbsp;<\/p>\n","protected":false},"excerpt":{"rendered":"<p>Dins el projecte de Medi &#8220;Mat\u00e8ria i Energia&#8221; els alumnes de 6\u00e8 estan dissenyant i creant projectes amb el Makey-Makey.<br \/>\nEl Makey-Makey \u00e9s una placa que permet assignar les funcions de les tecles del teclat a qualsevol material conductor de l&#8217;electricitat.<br \/>\nUs deixem les imatges del proc\u00e9s&hellip;  <a href=\"https:\/\/agora.xtec.cat\/escolabacdecerdanya\/general\/els-de-6e-treballem-amb-el-makey-makey\/\" title=\"Read Els de 6\u00e8 treballem amb el Makey-Makey\">Llegeix m\u00e9s\u00bb<\/a><\/p>\n","protected":false},"author":1,"featured_media":873,"comment_status":"open","ping_status":"closed","sticky":false,"template":"","format":"standard","meta":{"_bbp_topic_count":0,"_bbp_reply_count":0,"_bbp_total_topic_count":0,"_bbp_total_reply_count":0,"_bbp_voice_count":0,"_bbp_anonymous_reply_count":0,"_bbp_topic_count_hidden":0,"_bbp_reply_count_hidden":0,"_bbp_forum_subforum_count":0,"footnotes":""},"categories":[15,76,1,61,4,62,116],"tags":[],"class_list":["post-872","post","type-post","status-publish","format-standard","has-post-thumbnail","hentry","category-6e","category-cicle-superior","category-general","category-novetats","category-portada","category-robotica","category-tac"],"post_mailing_queue_ids":[],"_links":{"self":[{"href":"https:\/\/agora.xtec.cat\/escolabacdecerdanya\/wp-json\/wp\/v2\/posts\/872","targetHints":{"allow":["GET"]}}],"collection":[{"href":"https:\/\/agora.xtec.cat\/escolabacdecerdanya\/wp-json\/wp\/v2\/posts"}],"about":[{"href":"https:\/\/agora.xtec.cat\/escolabacdecerdanya\/wp-json\/wp\/v2\/types\/post"}],"author":[{"embeddable":true,"href":"https:\/\/agora.xtec.cat\/escolabacdecerdanya\/wp-json\/wp\/v2\/users\/1"}],"replies":[{"embeddable":true,"href":"https:\/\/agora.xtec.cat\/escolabacdecerdanya\/wp-json\/wp\/v2\/comments?post=872"}],"version-history":[{"count":2,"href":"https:\/\/agora.xtec.cat\/escolabacdecerdanya\/wp-json\/wp\/v2\/posts\/872\/revisions"}],"predecessor-version":[{"id":879,"href":"https:\/\/agora.xtec.cat\/escolabacdecerdanya\/wp-json\/wp\/v2\/posts\/872\/revisions\/879"}],"wp:featuredmedia":[{"embeddable":true,"href":"https:\/\/agora.xtec.cat\/escolabacdecerdanya\/wp-json\/wp\/v2\/media\/873"}],"wp:attachment":[{"href":"https:\/\/agora.xtec.cat\/escolabacdecerdanya\/wp-json\/wp\/v2\/media?parent=872"}],"wp:term":[{"taxonomy":"category","embeddable":true,"href":"https:\/\/agora.xtec.cat\/escolabacdecerdanya\/wp-json\/wp\/v2\/categories?post=872"},{"taxonomy":"post_tag","embeddable":true,"href":"https:\/\/agora.xtec.cat\/escolabacdecerdanya\/wp-json\/wp\/v2\/tags?post=872"}],"curies":[{"name":"wp","href":"https:\/\/api.w.org\/{rel}","templated":true}]}}