{"id":8420,"date":"2026-06-11T15:05:32","date_gmt":"2026-06-11T13:05:32","guid":{"rendered":"https:\/\/agora.xtec.cat\/escolabacdecerdanya\/?p=8420"},"modified":"2026-06-11T15:09:11","modified_gmt":"2026-06-11T13:09:11","slug":"sortida-per-lentorn-descobrim-les-vaques-els-toros-i-els-vedells","status":"publish","type":"post","link":"https:\/\/agora.xtec.cat\/escolabacdecerdanya\/general\/sortida-per-lentorn-descobrim-les-vaques-els-toros-i-els-vedells\/","title":{"rendered":"Sortida per l&#8217;entorn: descobrim les vaques, els toros i els vedells"},"content":{"rendered":"\n<p>L&#8217;alumnat d&#8217;Educaci\u00f3 Infantil ha gaudit d&#8217;una nova sortida per l&#8217;entorn del nostre poble, una experi\u00e8ncia molt enriquidora que ens ha perm\u00e8s observar de ben a prop vaques, toros i vedells.<\/p>\n\n\n\n<p>Aquesta activitat est\u00e0 estretament relacionada amb el projecte que els infants d&#8217;I4 han treballat durant aquest curs, dedicat a les vaques. Despr\u00e9s d&#8217;investigar com s\u00f3n, qu\u00e8 mengen, com viuen i quins productes ens ofereixen, hem pogut veure aquests animals en el seu entorn, fet que ha ajudat els nens i les nenes a consolidar els aprenentatges d&#8217;una manera vivencial i significativa.<\/p>\n\n\n\n<p>Aquesta \u00e9s una de les diverses sortides per l&#8217;entorn que hem dut a terme al llarg del curs, amb l&#8217;objectiu de con\u00e8ixer millor el nostre poble, descobrir la natura que ens envolta i fomentar l&#8217;aprenentatge a trav\u00e9s de l&#8217;experi\u00e8ncia directa.<\/p>\n\n\n\n<p>Ha estat una jornada molt especial, plena de descobertes, curiositat i bons moments compartits.<\/p>\n\n\n\n<figure class=\"wp-block-image size-large\"><a href=\"https:\/\/drive.google.com\/drive\/folders\/1cXFR2r7hDXBD_rra4rTFj7-sy18ldRJR\"><img loading=\"lazy\" decoding=\"async\" width=\"768\" height=\"1024\" src=\"https:\/\/agora.xtec.cat\/escolabacdecerdanya\/wp-content\/uploads\/usu1753\/2026\/06\/WhatsApp-Image-2026-06-11-at-14.43.51-768x1024.jpeg\" alt=\"\" class=\"wp-image-8421\" srcset=\"https:\/\/agora.xtec.cat\/escolabacdecerdanya\/wp-content\/uploads\/usu1753\/2026\/06\/WhatsApp-Image-2026-06-11-at-14.43.51-768x1024.jpeg 768w, https:\/\/agora.xtec.cat\/escolabacdecerdanya\/wp-content\/uploads\/usu1753\/2026\/06\/WhatsApp-Image-2026-06-11-at-14.43.51-225x300.jpeg 225w, https:\/\/agora.xtec.cat\/escolabacdecerdanya\/wp-content\/uploads\/usu1753\/2026\/06\/WhatsApp-Image-2026-06-11-at-14.43.51-1152x1536.jpeg 1152w, https:\/\/agora.xtec.cat\/escolabacdecerdanya\/wp-content\/uploads\/usu1753\/2026\/06\/WhatsApp-Image-2026-06-11-at-14.43.51.jpeg 1200w\" sizes=\"auto, (max-width: 768px) 100vw, 768px\" \/><\/a><\/figure>\n\n\n","protected":false},"excerpt":{"rendered":"<p>L&#8217;alumnat d&#8217;Educaci\u00f3 Infantil ha gaudit d&#8217;una nova sortida per l&#8217;entorn del nostre poble, una experi\u00e8ncia molt enriquidora que ens ha perm\u00e8s observar de ben a prop vaques, toros i vedells. Aquesta activitat est\u00e0 estretament relacionada amb el projecte que els infants d&#8217;I4 han treballat durant aquest curs, dedicat a les vaques. Despr\u00e9s d&#8217;investigar com s\u00f3n, [&hellip;]<\/p>\n","protected":false},"author":134,"featured_media":8421,"comment_status":"open","ping_status":"open","sticky":false,"template":"","format":"standard","meta":{"_bbp_topic_count":0,"_bbp_reply_count":0,"_bbp_total_topic_count":0,"_bbp_total_reply_count":0,"_bbp_voice_count":0,"_bbp_anonymous_reply_count":0,"_bbp_topic_count_hidden":0,"_bbp_reply_count_hidden":0,"_bbp_forum_subforum_count":0,"site-sidebar-layout":"default","site-content-layout":"","ast-site-content-layout":"","site-content-style":"default","site-sidebar-style":"default","ast-global-header-display":"","ast-banner-title-visibility":"","ast-main-header-display":"","ast-hfb-above-header-display":"","ast-hfb-below-header-display":"","ast-hfb-mobile-header-display":"","site-post-title":"","ast-breadcrumbs-content":"","ast-featured-img":"","footer-sml-layout":"","theme-transparent-header-meta":"","adv-header-id-meta":"","stick-header-meta":"","header-above-stick-meta":"","header-main-stick-meta":"","header-below-stick-meta":"","astra-migrate-meta-layouts":"default","ast-page-background-enabled":"default","ast-page-background-meta":{"desktop":{"background-color":"var(--ast-global-color-4)","background-image":"","background-repeat":"repeat","background-position":"center center","background-size":"auto","background-attachment":"scroll","background-type":"","background-media":"","overlay-type":"","overlay-color":"","overlay-opacity":"","overlay-gradient":""},"tablet":{"background-color":"","background-image":"","background-repeat":"repeat","background-position":"center center","background-size":"auto","background-attachment":"scroll","background-type":"","background-media":"","overlay-type":"","overlay-color":"","overlay-opacity":"","overlay-gradient":""},"mobile":{"background-color":"","background-image":"","background-repeat":"repeat","background-position":"center center","background-size":"auto","background-attachment":"scroll","background-type":"","background-media":"","overlay-type":"","overlay-color":"","overlay-opacity":"","overlay-gradient":""}},"ast-content-background-meta":{"desktop":{"background-color":"var(--ast-global-color-5)","background-image":"","background-repeat":"repeat","background-position":"center center","background-size":"auto","background-attachment":"scroll","background-type":"","background-media":"","overlay-type":"","overlay-color":"","overlay-opacity":"","overlay-gradient":""},"tablet":{"background-color":"var(--ast-global-color-5)","background-image":"","background-repeat":"repeat","background-position":"center center","background-size":"auto","background-attachment":"scroll","background-type":"","background-media":"","overlay-type":"","overlay-color":"","overlay-opacity":"","overlay-gradient":""},"mobile":{"background-color":"var(--ast-global-color-5)","background-image":"","background-repeat":"repeat","background-position":"center center","background-size":"auto","background-attachment":"scroll","background-type":"","background-media":"","overlay-type":"","overlay-color":"","overlay-opacity":"","overlay-gradient":""}},"footnotes":""},"categories":[239,103,1,3,8,9,4,86],"tags":[],"class_list":["post-8420","post","type-post","status-publish","format-standard","has-post-thumbnail","hentry","category-album-de-fotos","category-infantil-2","category-general","category-p3","category-p4","category-p5","category-portada","category-sortida"],"post_mailing_queue_ids":[],"_links":{"self":[{"href":"https:\/\/agora.xtec.cat\/escolabacdecerdanya\/wp-json\/wp\/v2\/posts\/8420","targetHints":{"allow":["GET"]}}],"collection":[{"href":"https:\/\/agora.xtec.cat\/escolabacdecerdanya\/wp-json\/wp\/v2\/posts"}],"about":[{"href":"https:\/\/agora.xtec.cat\/escolabacdecerdanya\/wp-json\/wp\/v2\/types\/post"}],"author":[{"embeddable":true,"href":"https:\/\/agora.xtec.cat\/escolabacdecerdanya\/wp-json\/wp\/v2\/users\/134"}],"replies":[{"embeddable":true,"href":"https:\/\/agora.xtec.cat\/escolabacdecerdanya\/wp-json\/wp\/v2\/comments?post=8420"}],"version-history":[{"count":2,"href":"https:\/\/agora.xtec.cat\/escolabacdecerdanya\/wp-json\/wp\/v2\/posts\/8420\/revisions"}],"predecessor-version":[{"id":8423,"href":"https:\/\/agora.xtec.cat\/escolabacdecerdanya\/wp-json\/wp\/v2\/posts\/8420\/revisions\/8423"}],"wp:featuredmedia":[{"embeddable":true,"href":"https:\/\/agora.xtec.cat\/escolabacdecerdanya\/wp-json\/wp\/v2\/media\/8421"}],"wp:attachment":[{"href":"https:\/\/agora.xtec.cat\/escolabacdecerdanya\/wp-json\/wp\/v2\/media?parent=8420"}],"wp:term":[{"taxonomy":"category","embeddable":true,"href":"https:\/\/agora.xtec.cat\/escolabacdecerdanya\/wp-json\/wp\/v2\/categories?post=8420"},{"taxonomy":"post_tag","embeddable":true,"href":"https:\/\/agora.xtec.cat\/escolabacdecerdanya\/wp-json\/wp\/v2\/tags?post=8420"}],"curies":[{"name":"wp","href":"https:\/\/api.w.org\/{rel}","templated":true}]}}