{"id":8211,"date":"2026-04-24T13:43:36","date_gmt":"2026-04-24T11:43:36","guid":{"rendered":"https:\/\/agora.xtec.cat\/escolabacdecerdanya\/?p=8211"},"modified":"2026-04-24T13:46:19","modified_gmt":"2026-04-24T11:46:19","slug":"la-llegenda-de-sant-jordi","status":"publish","type":"post","link":"https:\/\/agora.xtec.cat\/escolabacdecerdanya\/general\/la-llegenda-de-sant-jordi\/","title":{"rendered":"La llegenda de Sant Jordi"},"content":{"rendered":"\n<p>Bon dia, fam\u00edlies,<\/p>\n\n\n\n<p>El passat <strong>22 d\u2019abril<\/strong>, el dia abans de Sant Jordi, els m\u00e9s petits del centre (I3, I4 i I5) vam fer una sortida molt especial al poble.<\/p>\n\n\n\n<p>Al llarg del mat\u00ed, vam visitar el Casino d\u2019Alp, on vam poder veure els gegants i con\u00e8ixer una mica m\u00e9s aquesta tradici\u00f3 tan bonica. Tamb\u00e9 vam anar a la biblioteca del poble, on vam llegir contes i vam gaudir d\u2019una estona molt agradable envoltada de llibres.<\/p>\n\n\n\n<p>A m\u00e9s, vam visitar el teatre, on els alumnes d\u2019I5 van representar l\u2019obra de sant Jordi. Ho van fer molt b\u00e9! Els infants d\u2019I3 i I4 van gaudir de l\u2019espectacle com a espectadors. Despr\u00e9s, vam tenir l\u2019oportunitat de visitar els vestuaris del teatre, on vam poder veure com es preparen els actors i les actrius abans de sortir a escena.<\/p>\n\n\n\n<p>Va ser una experi\u00e8ncia molt enriquidora que ens va permetre viure de prop l\u2019ambient de Sant Jordi i fomentar el gust per la lectura i el teatre des de ben petits.<\/p>\n\n\n\n<p>Ens ho vam passar molt b\u00e9 i vam aprendre moltes coses!<br><\/p>\n\n\n\n<figure class=\"wp-block-image size-large is-resized is-style-default\"><a href=\"https:\/\/drive.google.com\/drive\/folders\/1wG4NWevMLgMCC3Ud97ZgLr3gj1NtQonw?usp=drive_link\"><img loading=\"lazy\" decoding=\"async\" width=\"768\" height=\"1024\" src=\"https:\/\/agora.xtec.cat\/escolabacdecerdanya\/wp-content\/uploads\/usu1753\/2026\/04\/IMG_2863-768x1024.jpg\" alt=\"\" class=\"wp-image-8213\" style=\"width:368px;height:auto\" srcset=\"https:\/\/agora.xtec.cat\/escolabacdecerdanya\/wp-content\/uploads\/usu1753\/2026\/04\/IMG_2863-768x1024.jpg 768w, https:\/\/agora.xtec.cat\/escolabacdecerdanya\/wp-content\/uploads\/usu1753\/2026\/04\/IMG_2863-225x300.jpg 225w, https:\/\/agora.xtec.cat\/escolabacdecerdanya\/wp-content\/uploads\/usu1753\/2026\/04\/IMG_2863-1152x1536.jpg 1152w, https:\/\/agora.xtec.cat\/escolabacdecerdanya\/wp-content\/uploads\/usu1753\/2026\/04\/IMG_2863-1536x2048.jpg 1536w, https:\/\/agora.xtec.cat\/escolabacdecerdanya\/wp-content\/uploads\/usu1753\/2026\/04\/IMG_2863-scaled.jpg 1920w\" sizes=\"auto, (max-width: 768px) 100vw, 768px\" \/><\/a><\/figure>\n\n\n\n<p><\/p>\n","protected":false},"excerpt":{"rendered":"<p>Bon dia, fam\u00edlies,<\/p>\n<p>El passat 22 d\u2019abril, el dia abans de Sant Jordi, els m\u00e9s petits del centre (I3, I4 i I5) vam fer una sortida molt especial al poble.<\/p>\n<p>Al llarg del mat\u00ed, vam visitar el Casino d\u2019Alp, on vam poder veure els gegants i con\u00e8ixer&hellip;  <a href=\"https:\/\/agora.xtec.cat\/escolabacdecerdanya\/general\/la-llegenda-de-sant-jordi\/\" title=\"Read La llegenda de Sant Jordi\">Llegeix m\u00e9s\u00bb<\/a><\/p>\n","protected":false},"author":135,"featured_media":8213,"comment_status":"open","ping_status":"open","sticky":false,"template":"","format":"standard","meta":{"_bbp_topic_count":0,"_bbp_reply_count":0,"_bbp_total_topic_count":0,"_bbp_total_reply_count":0,"_bbp_voice_count":0,"_bbp_anonymous_reply_count":0,"_bbp_topic_count_hidden":0,"_bbp_reply_count_hidden":0,"_bbp_forum_subforum_count":0,"footnotes":""},"categories":[239,103,1,61,3,8,9,4,92],"tags":[],"class_list":["post-8211","post","type-post","status-publish","format-standard","has-post-thumbnail","hentry","category-album-de-fotos","category-infantil-2","category-general","category-novetats","category-p3","category-p4","category-p5","category-portada","category-sant-jordi"],"post_mailing_queue_ids":[],"_links":{"self":[{"href":"https:\/\/agora.xtec.cat\/escolabacdecerdanya\/wp-json\/wp\/v2\/posts\/8211","targetHints":{"allow":["GET"]}}],"collection":[{"href":"https:\/\/agora.xtec.cat\/escolabacdecerdanya\/wp-json\/wp\/v2\/posts"}],"about":[{"href":"https:\/\/agora.xtec.cat\/escolabacdecerdanya\/wp-json\/wp\/v2\/types\/post"}],"author":[{"embeddable":true,"href":"https:\/\/agora.xtec.cat\/escolabacdecerdanya\/wp-json\/wp\/v2\/users\/135"}],"replies":[{"embeddable":true,"href":"https:\/\/agora.xtec.cat\/escolabacdecerdanya\/wp-json\/wp\/v2\/comments?post=8211"}],"version-history":[{"count":2,"href":"https:\/\/agora.xtec.cat\/escolabacdecerdanya\/wp-json\/wp\/v2\/posts\/8211\/revisions"}],"predecessor-version":[{"id":8214,"href":"https:\/\/agora.xtec.cat\/escolabacdecerdanya\/wp-json\/wp\/v2\/posts\/8211\/revisions\/8214"}],"wp:featuredmedia":[{"embeddable":true,"href":"https:\/\/agora.xtec.cat\/escolabacdecerdanya\/wp-json\/wp\/v2\/media\/8213"}],"wp:attachment":[{"href":"https:\/\/agora.xtec.cat\/escolabacdecerdanya\/wp-json\/wp\/v2\/media?parent=8211"}],"wp:term":[{"taxonomy":"category","embeddable":true,"href":"https:\/\/agora.xtec.cat\/escolabacdecerdanya\/wp-json\/wp\/v2\/categories?post=8211"},{"taxonomy":"post_tag","embeddable":true,"href":"https:\/\/agora.xtec.cat\/escolabacdecerdanya\/wp-json\/wp\/v2\/tags?post=8211"}],"curies":[{"name":"wp","href":"https:\/\/api.w.org\/{rel}","templated":true}]}}