{"id":8202,"date":"2026-04-23T19:18:08","date_gmt":"2026-04-23T17:18:08","guid":{"rendered":"https:\/\/agora.xtec.cat\/escolabacdecerdanya\/?p=8202"},"modified":"2026-04-23T19:18:08","modified_gmt":"2026-04-23T17:18:08","slug":"diada-de-sant-jordi-2026","status":"publish","type":"post","link":"https:\/\/agora.xtec.cat\/escolabacdecerdanya\/general\/diada-de-sant-jordi-2026\/","title":{"rendered":"Diada de Sant Jordi 2026"},"content":{"rendered":"<div class=\"wp-block-image\">\n<figure class=\"alignright size-large is-resized\"><a href=\"https:\/\/drive.google.com\/drive\/folders\/1F755q-Yw1ZrAeke0-_p6qzm3MNVa0xGH?usp=drive_link\"><img loading=\"lazy\" decoding=\"async\" width=\"576\" height=\"1024\" src=\"https:\/\/agora.xtec.cat\/escolabacdecerdanya\/wp-content\/uploads\/usu1753\/2026\/04\/IMG-20260423-WA0023-576x1024.jpg\" alt=\"\" class=\"wp-image-8203\" style=\"width:240px;height:auto\" srcset=\"https:\/\/agora.xtec.cat\/escolabacdecerdanya\/wp-content\/uploads\/usu1753\/2026\/04\/IMG-20260423-WA0023-576x1024.jpg 576w, https:\/\/agora.xtec.cat\/escolabacdecerdanya\/wp-content\/uploads\/usu1753\/2026\/04\/IMG-20260423-WA0023-169x300.jpg 169w, https:\/\/agora.xtec.cat\/escolabacdecerdanya\/wp-content\/uploads\/usu1753\/2026\/04\/IMG-20260423-WA0023-768x1365.jpg 768w, https:\/\/agora.xtec.cat\/escolabacdecerdanya\/wp-content\/uploads\/usu1753\/2026\/04\/IMG-20260423-WA0023-864x1536.jpg 864w, https:\/\/agora.xtec.cat\/escolabacdecerdanya\/wp-content\/uploads\/usu1753\/2026\/04\/IMG-20260423-WA0023.jpg 900w\" sizes=\"auto, (max-width: 576px) 100vw, 576px\" \/><\/a><\/figure><\/div>\n\n\n<p>Un any m\u00e9s hem celebrat la diada de Sant Jordi!<\/p>\n\n\n\n<p>Al llarg del mat\u00ed tots els nens i nenes de l&#8217;escola hem anat a la pla\u00e7a de l&#8217;esgl\u00e9sia a visitar les parades de llibres de l&#8217;AFA i les de roses, manualitats i pastissos que han preparat els companys de 6\u00e8.<\/p>\n\n\n\n<p>Un cop all\u00e0, a mig mat\u00ed, tots els cursos des dels m\u00e9s petits als m\u00e9s grans hem ballat danses tradicionals que hem estat assajant a l&#8217;escola amb moltes ganes!<\/p>\n\n\n\n<p>A la tarda hem pogut gaudir de l&#8217;actuaci\u00f3 del Jordi Tonietti al gimn\u00e0s de l&#8217;escola&#8230;. les fam\u00edlies que han volgut tamb\u00e9 han vingut ja que era una actuaci\u00f3 oberta a tothom!<\/p>\n\n\n\n<p>I aix\u00f2 no \u00e9s tot!&#8230; al vespre hi ha l&#8217;entrega de premis dels Jocs Florals de Cerdanya al Casino d&#8217;Alp i estem molt contents d&#8217;anunciar-vos que tenim alguns nens i nenes de l&#8217;escola finalistes!<\/p>\n\n\n\n<p>Compartim algunes imatges de la diada per\u00f2 si en voleu veure m\u00e9s cliqueu damunt de la imatge de les parades!<\/p>\n\n\n\n<figure class=\"wp-block-gallery has-nested-images columns-default is-cropped wp-block-gallery-1 is-layout-flex wp-block-gallery-is-layout-flex\">\n<figure class=\"wp-block-image size-large\"><a href=\"https:\/\/agora.xtec.cat\/escolabacdecerdanya\/wp-content\/uploads\/usu1753\/2026\/04\/IMG-20260423-WA0024-1.jpg\"><img loading=\"lazy\" decoding=\"async\" width=\"1024\" height=\"576\" data-id=\"8207\" src=\"https:\/\/agora.xtec.cat\/escolabacdecerdanya\/wp-content\/uploads\/usu1753\/2026\/04\/IMG-20260423-WA0024-1-1024x576.jpg\" alt=\"\" class=\"wp-image-8207\" srcset=\"https:\/\/agora.xtec.cat\/escolabacdecerdanya\/wp-content\/uploads\/usu1753\/2026\/04\/IMG-20260423-WA0024-1-1024x576.jpg 1024w, https:\/\/agora.xtec.cat\/escolabacdecerdanya\/wp-content\/uploads\/usu1753\/2026\/04\/IMG-20260423-WA0024-1-300x169.jpg 300w, https:\/\/agora.xtec.cat\/escolabacdecerdanya\/wp-content\/uploads\/usu1753\/2026\/04\/IMG-20260423-WA0024-1-768x432.jpg 768w, https:\/\/agora.xtec.cat\/escolabacdecerdanya\/wp-content\/uploads\/usu1753\/2026\/04\/IMG-20260423-WA0024-1-1536x864.jpg 1536w, https:\/\/agora.xtec.cat\/escolabacdecerdanya\/wp-content\/uploads\/usu1753\/2026\/04\/IMG-20260423-WA0024-1.jpg 1600w\" sizes=\"auto, (max-width: 1024px) 100vw, 1024px\" \/><\/a><\/figure>\n\n\n\n<figure class=\"wp-block-image size-large\"><a href=\"https:\/\/agora.xtec.cat\/escolabacdecerdanya\/wp-content\/uploads\/usu1753\/2026\/04\/IMG-20260423-WA0021-1.jpg\"><img loading=\"lazy\" decoding=\"async\" width=\"1024\" height=\"576\" data-id=\"8208\" src=\"https:\/\/agora.xtec.cat\/escolabacdecerdanya\/wp-content\/uploads\/usu1753\/2026\/04\/IMG-20260423-WA0021-1-1024x576.jpg\" alt=\"\" class=\"wp-image-8208\" srcset=\"https:\/\/agora.xtec.cat\/escolabacdecerdanya\/wp-content\/uploads\/usu1753\/2026\/04\/IMG-20260423-WA0021-1-1024x576.jpg 1024w, https:\/\/agora.xtec.cat\/escolabacdecerdanya\/wp-content\/uploads\/usu1753\/2026\/04\/IMG-20260423-WA0021-1-300x169.jpg 300w, https:\/\/agora.xtec.cat\/escolabacdecerdanya\/wp-content\/uploads\/usu1753\/2026\/04\/IMG-20260423-WA0021-1-768x432.jpg 768w, https:\/\/agora.xtec.cat\/escolabacdecerdanya\/wp-content\/uploads\/usu1753\/2026\/04\/IMG-20260423-WA0021-1-1536x864.jpg 1536w, https:\/\/agora.xtec.cat\/escolabacdecerdanya\/wp-content\/uploads\/usu1753\/2026\/04\/IMG-20260423-WA0021-1.jpg 1600w\" sizes=\"auto, (max-width: 1024px) 100vw, 1024px\" \/><\/a><\/figure>\n\n\n\n<figure class=\"wp-block-image size-large\"><a href=\"https:\/\/agora.xtec.cat\/escolabacdecerdanya\/wp-content\/uploads\/usu1753\/2026\/04\/IMG-20260423-WA0022.jpg\"><img loading=\"lazy\" decoding=\"async\" width=\"1024\" height=\"576\" data-id=\"8206\" src=\"https:\/\/agora.xtec.cat\/escolabacdecerdanya\/wp-content\/uploads\/usu1753\/2026\/04\/IMG-20260423-WA0022-1024x576.jpg\" alt=\"\" class=\"wp-image-8206\" srcset=\"https:\/\/agora.xtec.cat\/escolabacdecerdanya\/wp-content\/uploads\/usu1753\/2026\/04\/IMG-20260423-WA0022-1024x576.jpg 1024w, https:\/\/agora.xtec.cat\/escolabacdecerdanya\/wp-content\/uploads\/usu1753\/2026\/04\/IMG-20260423-WA0022-300x169.jpg 300w, https:\/\/agora.xtec.cat\/escolabacdecerdanya\/wp-content\/uploads\/usu1753\/2026\/04\/IMG-20260423-WA0022-768x432.jpg 768w, https:\/\/agora.xtec.cat\/escolabacdecerdanya\/wp-content\/uploads\/usu1753\/2026\/04\/IMG-20260423-WA0022-1536x864.jpg 1536w, https:\/\/agora.xtec.cat\/escolabacdecerdanya\/wp-content\/uploads\/usu1753\/2026\/04\/IMG-20260423-WA0022.jpg 1600w\" sizes=\"auto, (max-width: 1024px) 100vw, 1024px\" \/><\/a><\/figure>\n<\/figure>\n\n\n\n<p><\/p>\n","protected":false},"excerpt":{"rendered":"<p><a href=\"https:\/\/drive.google.com\/drive\/folders\/1F755q-Yw1ZrAeke0-_p6qzm3MNVa0xGH?usp=drive_link\"><\/a><\/p>\n<p>Un any m\u00e9s hem celebrat la diada de Sant Jordi!<\/p>\n<p>Al llarg del mat\u00ed tots els nens i nenes de l&#8217;escola hem anat a la pla\u00e7a de l&#8217;esgl\u00e9sia a visitar les parades de llibres de l&#8217;AFA i les de roses, manualitats i pastissos que han&hellip;  <a href=\"https:\/\/agora.xtec.cat\/escolabacdecerdanya\/general\/diada-de-sant-jordi-2026\/\" title=\"Read Diada de Sant Jordi 2026\">Llegeix m\u00e9s\u00bb<\/a><\/p>\n","protected":false},"author":8,"featured_media":8203,"comment_status":"open","ping_status":"open","sticky":false,"template":"","format":"standard","meta":{"_bbp_topic_count":0,"_bbp_reply_count":0,"_bbp_total_topic_count":0,"_bbp_total_reply_count":0,"_bbp_voice_count":0,"_bbp_anonymous_reply_count":0,"_bbp_topic_count_hidden":0,"_bbp_reply_count_hidden":0,"_bbp_forum_subforum_count":0,"footnotes":""},"categories":[7,161,1,90,121,61,4,92],"tags":[],"class_list":["post-8202","post","type-post","status-publish","format-standard","has-post-thumbnail","hentry","category-ampa","category-festes","category-general","category-jocs-florals","category-musica","category-novetats","category-portada","category-sant-jordi"],"post_mailing_queue_ids":[],"_links":{"self":[{"href":"https:\/\/agora.xtec.cat\/escolabacdecerdanya\/wp-json\/wp\/v2\/posts\/8202","targetHints":{"allow":["GET"]}}],"collection":[{"href":"https:\/\/agora.xtec.cat\/escolabacdecerdanya\/wp-json\/wp\/v2\/posts"}],"about":[{"href":"https:\/\/agora.xtec.cat\/escolabacdecerdanya\/wp-json\/wp\/v2\/types\/post"}],"author":[{"embeddable":true,"href":"https:\/\/agora.xtec.cat\/escolabacdecerdanya\/wp-json\/wp\/v2\/users\/8"}],"replies":[{"embeddable":true,"href":"https:\/\/agora.xtec.cat\/escolabacdecerdanya\/wp-json\/wp\/v2\/comments?post=8202"}],"version-history":[{"count":2,"href":"https:\/\/agora.xtec.cat\/escolabacdecerdanya\/wp-json\/wp\/v2\/posts\/8202\/revisions"}],"predecessor-version":[{"id":8210,"href":"https:\/\/agora.xtec.cat\/escolabacdecerdanya\/wp-json\/wp\/v2\/posts\/8202\/revisions\/8210"}],"wp:featuredmedia":[{"embeddable":true,"href":"https:\/\/agora.xtec.cat\/escolabacdecerdanya\/wp-json\/wp\/v2\/media\/8203"}],"wp:attachment":[{"href":"https:\/\/agora.xtec.cat\/escolabacdecerdanya\/wp-json\/wp\/v2\/media?parent=8202"}],"wp:term":[{"taxonomy":"category","embeddable":true,"href":"https:\/\/agora.xtec.cat\/escolabacdecerdanya\/wp-json\/wp\/v2\/categories?post=8202"},{"taxonomy":"post_tag","embeddable":true,"href":"https:\/\/agora.xtec.cat\/escolabacdecerdanya\/wp-json\/wp\/v2\/tags?post=8202"}],"curies":[{"name":"wp","href":"https:\/\/api.w.org\/{rel}","templated":true}]}}