{"id":8197,"date":"2026-04-23T13:01:15","date_gmt":"2026-04-23T11:01:15","guid":{"rendered":"https:\/\/agora.xtec.cat\/escolabacdecerdanya\/?p=8197"},"modified":"2026-04-23T13:01:16","modified_gmt":"2026-04-23T11:01:16","slug":"els-nostres-avantpassats","status":"publish","type":"post","link":"https:\/\/agora.xtec.cat\/escolabacdecerdanya\/portada\/els-nostres-avantpassats\/","title":{"rendered":"ELS NOSTRES AVANTPASSATS"},"content":{"rendered":"\n<p>Els infants de 4t hem estat treballant sobre els nostres avantpassats, com vivien, qu\u00e8 menjaven, quines eines utilitzaven, com es comunicaven quan estaven lluny els uns dels altres&#8230;<\/p>\n\n\n\n<p>Per aprofondir en el tema tamb\u00e9 vam fer una excursi\u00f3 a Das per visitar la col\u00b7lecci\u00f3 museu d&#8217;estris antics amb donacions fetes per les pr\u00f2pies fam\u00edlies del poble. Hi vam anar en bicicleta i aix\u00ed vam gaudir dels bonics paisatges primaverals de la Cerdanya.<\/p>\n\n\n\n<div class=\"wp-block-getwid-images-stack\"><div class=\"wp-block-getwid-images-stack__wrapper\"><div class=\"wp-block-getwid-images-stack__chunk\"><div class=\"wp-block-getwid-images-stack__media-wrapper\"><div class=\"wp-block-getwid-images-stack__media-inner-wrapper\"><img loading=\"lazy\" decoding=\"async\" width=\"1600\" height=\"1200\" class=\"wp-block-getwid-images-stack__media wp-image-8199\" src=\"https:\/\/agora.xtec.cat\/escolabacdecerdanya\/wp-content\/uploads\/usu1753\/2026\/04\/Museu-Das-4t.jpeg\" data-id=\"8199\" data-link=\"https:\/\/agora.xtec.cat\/escolabacdecerdanya\/?attachment_id=8199\" srcset=\"https:\/\/agora.xtec.cat\/escolabacdecerdanya\/wp-content\/uploads\/usu1753\/2026\/04\/Museu-Das-4t.jpeg 1600w, https:\/\/agora.xtec.cat\/escolabacdecerdanya\/wp-content\/uploads\/usu1753\/2026\/04\/Museu-Das-4t-300x225.jpeg 300w, https:\/\/agora.xtec.cat\/escolabacdecerdanya\/wp-content\/uploads\/usu1753\/2026\/04\/Museu-Das-4t-1024x768.jpeg 1024w, https:\/\/agora.xtec.cat\/escolabacdecerdanya\/wp-content\/uploads\/usu1753\/2026\/04\/Museu-Das-4t-768x576.jpeg 768w, https:\/\/agora.xtec.cat\/escolabacdecerdanya\/wp-content\/uploads\/usu1753\/2026\/04\/Museu-Das-4t-1536x1152.jpeg 1536w, https:\/\/agora.xtec.cat\/escolabacdecerdanya\/wp-content\/uploads\/usu1753\/2026\/04\/Museu-Das-4t-200x150.jpeg 200w\" sizes=\"auto, (max-width: 1600px) 100vw, 1600px\" \/><\/div><\/div><div class=\"wp-block-getwid-images-stack__media-wrapper\"><div class=\"wp-block-getwid-images-stack__media-inner-wrapper\"><img loading=\"lazy\" decoding=\"async\" width=\"1600\" height=\"1200\" class=\"wp-block-getwid-images-stack__media wp-image-8198\" src=\"https:\/\/agora.xtec.cat\/escolabacdecerdanya\/wp-content\/uploads\/usu1753\/2026\/04\/Museu-Das-4t-2.jpeg\" data-id=\"8198\" data-link=\"https:\/\/agora.xtec.cat\/escolabacdecerdanya\/?attachment_id=8198\" srcset=\"https:\/\/agora.xtec.cat\/escolabacdecerdanya\/wp-content\/uploads\/usu1753\/2026\/04\/Museu-Das-4t-2.jpeg 1600w, https:\/\/agora.xtec.cat\/escolabacdecerdanya\/wp-content\/uploads\/usu1753\/2026\/04\/Museu-Das-4t-2-300x225.jpeg 300w, https:\/\/agora.xtec.cat\/escolabacdecerdanya\/wp-content\/uploads\/usu1753\/2026\/04\/Museu-Das-4t-2-1024x768.jpeg 1024w, https:\/\/agora.xtec.cat\/escolabacdecerdanya\/wp-content\/uploads\/usu1753\/2026\/04\/Museu-Das-4t-2-768x576.jpeg 768w, https:\/\/agora.xtec.cat\/escolabacdecerdanya\/wp-content\/uploads\/usu1753\/2026\/04\/Museu-Das-4t-2-1536x1152.jpeg 1536w, https:\/\/agora.xtec.cat\/escolabacdecerdanya\/wp-content\/uploads\/usu1753\/2026\/04\/Museu-Das-4t-2-200x150.jpeg 200w\" sizes=\"auto, (max-width: 1600px) 100vw, 1600px\" \/><\/div><\/div><\/div><\/div><\/div>\n\n\n\n<p>Finalment tamb\u00e9 vam convidar a venir a la classe als avis, \u00e0vies, bes\u00e0via i tieta d&#8217;alguns dels nens i nenes i vam aprofitar per escoltar directament moltes an\u00e9cdotes de la seva inf\u00e0ncia.<\/p>\n\n\n\n<figure class=\"wp-block-image\"><img loading=\"lazy\" decoding=\"async\" width=\"1600\" height=\"1200\" src=\"https:\/\/agora.xtec.cat\/escolabacdecerdanya\/wp-content\/uploads\/usu1753\/2026\/04\/Visita-avis-i-avies-4t.jpeg\" alt=\"\" class=\"wp-image-8200\" srcset=\"https:\/\/agora.xtec.cat\/escolabacdecerdanya\/wp-content\/uploads\/usu1753\/2026\/04\/Visita-avis-i-avies-4t.jpeg 1600w, https:\/\/agora.xtec.cat\/escolabacdecerdanya\/wp-content\/uploads\/usu1753\/2026\/04\/Visita-avis-i-avies-4t-300x225.jpeg 300w, https:\/\/agora.xtec.cat\/escolabacdecerdanya\/wp-content\/uploads\/usu1753\/2026\/04\/Visita-avis-i-avies-4t-1024x768.jpeg 1024w, https:\/\/agora.xtec.cat\/escolabacdecerdanya\/wp-content\/uploads\/usu1753\/2026\/04\/Visita-avis-i-avies-4t-768x576.jpeg 768w, https:\/\/agora.xtec.cat\/escolabacdecerdanya\/wp-content\/uploads\/usu1753\/2026\/04\/Visita-avis-i-avies-4t-1536x1152.jpeg 1536w, https:\/\/agora.xtec.cat\/escolabacdecerdanya\/wp-content\/uploads\/usu1753\/2026\/04\/Visita-avis-i-avies-4t-200x150.jpeg 200w\" sizes=\"auto, (max-width: 1600px) 100vw, 1600px\" \/><\/figure>\n","protected":false},"excerpt":{"rendered":"<p>Els infants de 4t hem estat treballant sobre els nostres avantpassats, com vivien, qu\u00e8 menjaven, quines eines utilitzaven, com es comunicaven quan estaven lluny els uns dels altres&#8230;<\/p>\n<p>Per aprofondir en el tema tamb\u00e9 vam fer una excursi\u00f3 a Das per visitar la col\u00b7lecci\u00f3 museu d&#8217;estris&hellip;  <a href=\"https:\/\/agora.xtec.cat\/escolabacdecerdanya\/portada\/els-nostres-avantpassats\/\" title=\"Read ELS NOSTRES AVANTPASSATS\">Llegeix m\u00e9s\u00bb<\/a><\/p>\n","protected":false},"author":60,"featured_media":8200,"comment_status":"open","ping_status":"open","sticky":false,"template":"","format":"standard","meta":{"_bbp_topic_count":0,"_bbp_reply_count":0,"_bbp_total_topic_count":0,"_bbp_total_reply_count":0,"_bbp_voice_count":0,"_bbp_anonymous_reply_count":0,"_bbp_topic_count_hidden":0,"_bbp_reply_count_hidden":0,"_bbp_forum_subforum_count":0,"footnotes":""},"categories":[13,61,4],"tags":[],"class_list":["post-8197","post","type-post","status-publish","format-standard","has-post-thumbnail","hentry","category-4t","category-novetats","category-portada"],"post_mailing_queue_ids":[],"_links":{"self":[{"href":"https:\/\/agora.xtec.cat\/escolabacdecerdanya\/wp-json\/wp\/v2\/posts\/8197","targetHints":{"allow":["GET"]}}],"collection":[{"href":"https:\/\/agora.xtec.cat\/escolabacdecerdanya\/wp-json\/wp\/v2\/posts"}],"about":[{"href":"https:\/\/agora.xtec.cat\/escolabacdecerdanya\/wp-json\/wp\/v2\/types\/post"}],"author":[{"embeddable":true,"href":"https:\/\/agora.xtec.cat\/escolabacdecerdanya\/wp-json\/wp\/v2\/users\/60"}],"replies":[{"embeddable":true,"href":"https:\/\/agora.xtec.cat\/escolabacdecerdanya\/wp-json\/wp\/v2\/comments?post=8197"}],"version-history":[{"count":1,"href":"https:\/\/agora.xtec.cat\/escolabacdecerdanya\/wp-json\/wp\/v2\/posts\/8197\/revisions"}],"predecessor-version":[{"id":8201,"href":"https:\/\/agora.xtec.cat\/escolabacdecerdanya\/wp-json\/wp\/v2\/posts\/8197\/revisions\/8201"}],"wp:featuredmedia":[{"embeddable":true,"href":"https:\/\/agora.xtec.cat\/escolabacdecerdanya\/wp-json\/wp\/v2\/media\/8200"}],"wp:attachment":[{"href":"https:\/\/agora.xtec.cat\/escolabacdecerdanya\/wp-json\/wp\/v2\/media?parent=8197"}],"wp:term":[{"taxonomy":"category","embeddable":true,"href":"https:\/\/agora.xtec.cat\/escolabacdecerdanya\/wp-json\/wp\/v2\/categories?post=8197"},{"taxonomy":"post_tag","embeddable":true,"href":"https:\/\/agora.xtec.cat\/escolabacdecerdanya\/wp-json\/wp\/v2\/tags?post=8197"}],"curies":[{"name":"wp","href":"https:\/\/api.w.org\/{rel}","templated":true}]}}