{"id":819,"date":"2019-02-01T17:50:31","date_gmt":"2019-02-01T16:50:31","guid":{"rendered":"http:\/\/agora.xtec.cat\/escolabacdecerdanya\/?p=819"},"modified":"2019-02-01T17:50:31","modified_gmt":"2019-02-01T16:50:31","slug":"esqui-de-fons-5","status":"publish","type":"post","link":"https:\/\/agora.xtec.cat\/escolabacdecerdanya\/general\/esqui-de-fons-5\/","title":{"rendered":"Esqu\u00ed de fons"},"content":{"rendered":"<p><span style=\"font-family: arial, helvetica, sans-serif;\" data-blogger-escaped-style=\"font-family: Arial, Helvetica, sans-serif;\">Aquest divendres\u00a0els alumnes de l&#8217;escola han anat a fer esqu\u00ed de fons a Guils de Cerdanya.<\/span><\/p>\n<p><span style=\"font-family: arial, helvetica, sans-serif;\" data-blogger-escaped-style=\"font-family: Arial, Helvetica, sans-serif;\"><br \/>\n<\/span><span style=\"font-family: arial, helvetica, sans-serif;\" data-blogger-escaped-style=\"font-family: Arial, Helvetica, sans-serif;\">Tot i que el dia\u00a0ha comen\u00e7at pluj\u00f3s, al final hem pogut gaudir d&#8217;un sol espl\u00e8ndid!<\/span><\/p>\n<p><span style=\"font-family: arial, helvetica, sans-serif;\" data-blogger-escaped-style=\"font-family: Arial, Helvetica, sans-serif;\"><br \/>\n<\/span><span style=\"font-family: arial, helvetica, sans-serif;\" data-blogger-escaped-style=\"font-family: Arial, Helvetica, sans-serif;\">Us\u00a0deixem\u00a0les\u00a0fotos\u00a0aqu\u00ed!<\/span><\/p>\n<p><a href=\"https:\/\/photos.app.goo.gl\/i7w2Fy3MGtM6mttz9\" data-blogger-escaped-target=\"_blank\"><img loading=\"lazy\" decoding=\"async\" class=\"aligncenter\" src=\"https:\/\/2.bp.blogspot.com\/-nQvYu-DSizc\/XFR2a14LnZI\/AAAAAAAAT9U\/i7JfuB-g_y4U5tLPR8rfKglbSt15ghSDwCKgBGAs\/s640\/IMG-20190201-WA0020.jpg\" width=\"640\" height=\"480\" border=\"0\" data-blogger-escaped-data-original-height=\"1200\" data-blogger-escaped-data-original-width=\"1600\" \/><\/a><\/p>\n","protected":false},"excerpt":{"rendered":"<p>Aquest divendres\u00a0els alumnes de l&#8217;escola han anat a fer esqu\u00ed de fons a Guils de Cerdanya.<\/p>\n<p>Tot i que el dia\u00a0ha comen\u00e7at pluj\u00f3s, al final hem pogut gaudir d&#8217;un sol espl\u00e8ndid!<\/p>\n<p>Us\u00a0deixem\u00a0les\u00a0fotos\u00a0aqu\u00ed!<br \/>\n<a href=\"https:\/\/photos.app.goo.gl\/i7w2Fy3MGtM6mttz9\" data-blogger-escaped-target=\"_blank\"><\/a><\/p>\n","protected":false},"author":1,"featured_media":820,"comment_status":"open","ping_status":"closed","sticky":false,"template":"","format":"standard","meta":{"_bbp_topic_count":0,"_bbp_reply_count":0,"_bbp_total_topic_count":0,"_bbp_total_reply_count":0,"_bbp_voice_count":0,"_bbp_anonymous_reply_count":0,"_bbp_topic_count_hidden":0,"_bbp_reply_count_hidden":0,"_bbp_forum_subforum_count":0,"footnotes":""},"categories":[68,1,4,86],"tags":[],"class_list":["post-819","post","type-post","status-publish","format-standard","has-post-thumbnail","hentry","category-esqui","category-general","category-portada","category-sortida"],"post_mailing_queue_ids":[],"_links":{"self":[{"href":"https:\/\/agora.xtec.cat\/escolabacdecerdanya\/wp-json\/wp\/v2\/posts\/819","targetHints":{"allow":["GET"]}}],"collection":[{"href":"https:\/\/agora.xtec.cat\/escolabacdecerdanya\/wp-json\/wp\/v2\/posts"}],"about":[{"href":"https:\/\/agora.xtec.cat\/escolabacdecerdanya\/wp-json\/wp\/v2\/types\/post"}],"author":[{"embeddable":true,"href":"https:\/\/agora.xtec.cat\/escolabacdecerdanya\/wp-json\/wp\/v2\/users\/1"}],"replies":[{"embeddable":true,"href":"https:\/\/agora.xtec.cat\/escolabacdecerdanya\/wp-json\/wp\/v2\/comments?post=819"}],"version-history":[{"count":1,"href":"https:\/\/agora.xtec.cat\/escolabacdecerdanya\/wp-json\/wp\/v2\/posts\/819\/revisions"}],"predecessor-version":[{"id":821,"href":"https:\/\/agora.xtec.cat\/escolabacdecerdanya\/wp-json\/wp\/v2\/posts\/819\/revisions\/821"}],"wp:featuredmedia":[{"embeddable":true,"href":"https:\/\/agora.xtec.cat\/escolabacdecerdanya\/wp-json\/wp\/v2\/media\/820"}],"wp:attachment":[{"href":"https:\/\/agora.xtec.cat\/escolabacdecerdanya\/wp-json\/wp\/v2\/media?parent=819"}],"wp:term":[{"taxonomy":"category","embeddable":true,"href":"https:\/\/agora.xtec.cat\/escolabacdecerdanya\/wp-json\/wp\/v2\/categories?post=819"},{"taxonomy":"post_tag","embeddable":true,"href":"https:\/\/agora.xtec.cat\/escolabacdecerdanya\/wp-json\/wp\/v2\/tags?post=819"}],"curies":[{"name":"wp","href":"https:\/\/api.w.org\/{rel}","templated":true}]}}