{"id":8093,"date":"2026-03-14T10:32:09","date_gmt":"2026-03-14T09:32:09","guid":{"rendered":"https:\/\/agora.xtec.cat\/escolabacdecerdanya\/?p=8093"},"modified":"2026-03-14T10:35:32","modified_gmt":"2026-03-14T09:35:32","slug":"ens-visita-lavi-den-magi","status":"publish","type":"post","link":"https:\/\/agora.xtec.cat\/escolabacdecerdanya\/general\/ens-visita-lavi-den-magi\/","title":{"rendered":"ENS VISITA L&#8217;AVI D&#8217;EN MAG\u00cd!"},"content":{"rendered":"\n<p>L&#8217;avi d&#8217;en Mag\u00ed, l&#8217;Eric, \u00e9s agent rural i ha vingut a l&#8217;aula per explicar-nos els animals del nostre entorn, els seus h\u00e0bitats i quines petites accions podem fer per tenir cura del nostre entorn. En Mag\u00ed ha estat molt content i la resta d&#8217;infants han participat molt. <\/p>\n\n\n\n<p>L&#8217;Eric ens ha explicat moltes coses i ens ha portat una teranyina feta per ell perqu\u00e8 la deixem al nostre rac\u00f3 de les aranyes. <\/p>\n\n\n\n<p>Moltes gr\u00e0cies Eric pel teu temps i pels teus coneixements. \u00e7<\/p>\n\n\n\n<p>Si cliqueu la imatge podreu veure m\u00e9s fotografies.<\/p>\n\n\n\n<figure class=\"wp-block-image size-large is-resized\"><a href=\"https:\/\/drive.google.com\/drive\/folders\/1Pt8lEKxdezE1uFs8XJpMnuPDg7ia3euk?usp=drive_link\"><img loading=\"lazy\" decoding=\"async\" width=\"768\" height=\"1024\" src=\"https:\/\/agora.xtec.cat\/escolabacdecerdanya\/wp-content\/uploads\/usu1753\/2026\/03\/20260313_102428-1-768x1024.jpg\" alt=\"\" class=\"wp-image-8094\" style=\"width:250px;height:auto\" srcset=\"https:\/\/agora.xtec.cat\/escolabacdecerdanya\/wp-content\/uploads\/usu1753\/2026\/03\/20260313_102428-1-768x1024.jpg 768w, https:\/\/agora.xtec.cat\/escolabacdecerdanya\/wp-content\/uploads\/usu1753\/2026\/03\/20260313_102428-1-225x300.jpg 225w, https:\/\/agora.xtec.cat\/escolabacdecerdanya\/wp-content\/uploads\/usu1753\/2026\/03\/20260313_102428-1-1152x1536.jpg 1152w, https:\/\/agora.xtec.cat\/escolabacdecerdanya\/wp-content\/uploads\/usu1753\/2026\/03\/20260313_102428-1-1536x2048.jpg 1536w, https:\/\/agora.xtec.cat\/escolabacdecerdanya\/wp-content\/uploads\/usu1753\/2026\/03\/20260313_102428-1-scaled.jpg 1920w\" sizes=\"auto, (max-width: 768px) 100vw, 768px\" \/><\/a><\/figure>\n","protected":false},"excerpt":{"rendered":"<p>L&#8217;avi d&#8217;en Mag\u00ed, l&#8217;Eric, \u00e9s agent rural i ha vingut a l&#8217;aula per explicar-nos els animals del nostre entorn, els seus h\u00e0bitats i quines petites accions podem fer per tenir cura del nostre entorn. En Mag\u00ed ha estat molt content i la resta d&#8217;infants han&hellip;  <a href=\"https:\/\/agora.xtec.cat\/escolabacdecerdanya\/general\/ens-visita-lavi-den-magi\/\" title=\"Read ENS VISITA L&#8217;AVI D&#8217;EN MAG\u00cd!\">Llegeix m\u00e9s\u00bb<\/a><\/p>\n","protected":false},"author":6,"featured_media":8094,"comment_status":"open","ping_status":"open","sticky":false,"template":"","format":"standard","meta":{"_bbp_topic_count":0,"_bbp_reply_count":0,"_bbp_total_topic_count":0,"_bbp_total_reply_count":0,"_bbp_voice_count":0,"_bbp_anonymous_reply_count":0,"_bbp_topic_count_hidden":0,"_bbp_reply_count_hidden":0,"_bbp_forum_subforum_count":0,"footnotes":""},"categories":[239,103,1,61,3,4],"tags":[],"class_list":["post-8093","post","type-post","status-publish","format-standard","has-post-thumbnail","hentry","category-album-de-fotos","category-infantil-2","category-general","category-novetats","category-p3","category-portada"],"post_mailing_queue_ids":[],"_links":{"self":[{"href":"https:\/\/agora.xtec.cat\/escolabacdecerdanya\/wp-json\/wp\/v2\/posts\/8093","targetHints":{"allow":["GET"]}}],"collection":[{"href":"https:\/\/agora.xtec.cat\/escolabacdecerdanya\/wp-json\/wp\/v2\/posts"}],"about":[{"href":"https:\/\/agora.xtec.cat\/escolabacdecerdanya\/wp-json\/wp\/v2\/types\/post"}],"author":[{"embeddable":true,"href":"https:\/\/agora.xtec.cat\/escolabacdecerdanya\/wp-json\/wp\/v2\/users\/6"}],"replies":[{"embeddable":true,"href":"https:\/\/agora.xtec.cat\/escolabacdecerdanya\/wp-json\/wp\/v2\/comments?post=8093"}],"version-history":[{"count":2,"href":"https:\/\/agora.xtec.cat\/escolabacdecerdanya\/wp-json\/wp\/v2\/posts\/8093\/revisions"}],"predecessor-version":[{"id":8096,"href":"https:\/\/agora.xtec.cat\/escolabacdecerdanya\/wp-json\/wp\/v2\/posts\/8093\/revisions\/8096"}],"wp:featuredmedia":[{"embeddable":true,"href":"https:\/\/agora.xtec.cat\/escolabacdecerdanya\/wp-json\/wp\/v2\/media\/8094"}],"wp:attachment":[{"href":"https:\/\/agora.xtec.cat\/escolabacdecerdanya\/wp-json\/wp\/v2\/media?parent=8093"}],"wp:term":[{"taxonomy":"category","embeddable":true,"href":"https:\/\/agora.xtec.cat\/escolabacdecerdanya\/wp-json\/wp\/v2\/categories?post=8093"},{"taxonomy":"post_tag","embeddable":true,"href":"https:\/\/agora.xtec.cat\/escolabacdecerdanya\/wp-json\/wp\/v2\/tags?post=8093"}],"curies":[{"name":"wp","href":"https:\/\/api.w.org\/{rel}","templated":true}]}}