{"id":8079,"date":"2026-03-04T11:46:47","date_gmt":"2026-03-04T10:46:47","guid":{"rendered":"https:\/\/agora.xtec.cat\/escolabacdecerdanya\/?p=8079"},"modified":"2026-03-04T11:47:29","modified_gmt":"2026-03-04T10:47:29","slug":"xerrada-modelatge-lectura-en-veu-alta","status":"publish","type":"post","link":"https:\/\/agora.xtec.cat\/escolabacdecerdanya\/portada\/xerrada-modelatge-lectura-en-veu-alta\/","title":{"rendered":"XERRADA &#8220;Modelatge lectura en veu alta&#8221;"},"content":{"rendered":"\n<p>Dilluns i dimarts a la tarda va vindre la Rosa a Cicle Superior a fer-nos una xerrada sobre la lectura en veu alta. Primer ens va donar alguns consells per llegir millor en veu alta, tamb\u00e9 vam veure uns v\u00eddeos molt divertits i vam fer uns estiraments. Seguidament, vam fer unes activitats. La primera activitat va ser que hav\u00edem de dir el nostre nom amb tons diferents. La segona activitat era de posar-nos un llapis a la boca en forma horitzontal, i hav\u00edem de dir una frase intentant vocalitzar b\u00e9. L&#8217;\u00faltima activitat era de dir una frase utilitzant nom\u00e9s una vocal. Ens ho vam passar molt b\u00e9!<\/p>\n\n\n\n<p><\/p>\n\n\n\n<figure class=\"wp-block-image size-large\"><a href=\"https:\/\/agora.xtec.cat\/escolabacdecerdanya\/wp-content\/uploads\/usu1753\/2026\/03\/PHOTO-2026-03-02-22-31-17-1-1.jpg\"><img loading=\"lazy\" decoding=\"async\" width=\"1024\" height=\"768\" src=\"https:\/\/agora.xtec.cat\/escolabacdecerdanya\/wp-content\/uploads\/usu1753\/2026\/03\/PHOTO-2026-03-02-22-31-17-1-1-1024x768.jpg\" alt=\"\" class=\"wp-image-8083\" srcset=\"https:\/\/agora.xtec.cat\/escolabacdecerdanya\/wp-content\/uploads\/usu1753\/2026\/03\/PHOTO-2026-03-02-22-31-17-1-1-1024x768.jpg 1024w, https:\/\/agora.xtec.cat\/escolabacdecerdanya\/wp-content\/uploads\/usu1753\/2026\/03\/PHOTO-2026-03-02-22-31-17-1-1-300x225.jpg 300w, https:\/\/agora.xtec.cat\/escolabacdecerdanya\/wp-content\/uploads\/usu1753\/2026\/03\/PHOTO-2026-03-02-22-31-17-1-1-768x576.jpg 768w, https:\/\/agora.xtec.cat\/escolabacdecerdanya\/wp-content\/uploads\/usu1753\/2026\/03\/PHOTO-2026-03-02-22-31-17-1-1-1536x1152.jpg 1536w, https:\/\/agora.xtec.cat\/escolabacdecerdanya\/wp-content\/uploads\/usu1753\/2026\/03\/PHOTO-2026-03-02-22-31-17-1-1-200x150.jpg 200w, https:\/\/agora.xtec.cat\/escolabacdecerdanya\/wp-content\/uploads\/usu1753\/2026\/03\/PHOTO-2026-03-02-22-31-17-1-1.jpg 1600w\" sizes=\"auto, (max-width: 1024px) 100vw, 1024px\" \/><\/a><\/figure>\n\n\n\n<p><\/p>\n","protected":false},"excerpt":{"rendered":"<p>Dilluns i dimarts a la tarda va vindre la Rosa a Cicle Superior a fer-nos una xerrada sobre la lectura en veu alta. Primer ens va donar alguns consells per llegir millor en veu alta, tamb\u00e9 vam veure uns v\u00eddeos molt divertits i vam fer&hellip;  <a href=\"https:\/\/agora.xtec.cat\/escolabacdecerdanya\/portada\/xerrada-modelatge-lectura-en-veu-alta\/\" title=\"Read XERRADA &#8220;Modelatge lectura en veu alta&#8221;\">Llegeix m\u00e9s\u00bb<\/a><\/p>\n","protected":false},"author":15,"featured_media":8080,"comment_status":"open","ping_status":"open","sticky":false,"template":"","format":"standard","meta":{"_bbp_topic_count":0,"_bbp_reply_count":0,"_bbp_total_topic_count":0,"_bbp_total_reply_count":0,"_bbp_voice_count":0,"_bbp_anonymous_reply_count":0,"_bbp_topic_count_hidden":0,"_bbp_reply_count_hidden":0,"_bbp_forum_subforum_count":0,"footnotes":""},"categories":[15,239,76,241,61,4],"tags":[],"class_list":["post-8079","post","type-post","status-publish","format-standard","has-post-thumbnail","hentry","category-6e","category-album-de-fotos","category-cicle-superior","category-ft-cicle-superior","category-novetats","category-portada"],"post_mailing_queue_ids":[],"_links":{"self":[{"href":"https:\/\/agora.xtec.cat\/escolabacdecerdanya\/wp-json\/wp\/v2\/posts\/8079","targetHints":{"allow":["GET"]}}],"collection":[{"href":"https:\/\/agora.xtec.cat\/escolabacdecerdanya\/wp-json\/wp\/v2\/posts"}],"about":[{"href":"https:\/\/agora.xtec.cat\/escolabacdecerdanya\/wp-json\/wp\/v2\/types\/post"}],"author":[{"embeddable":true,"href":"https:\/\/agora.xtec.cat\/escolabacdecerdanya\/wp-json\/wp\/v2\/users\/15"}],"replies":[{"embeddable":true,"href":"https:\/\/agora.xtec.cat\/escolabacdecerdanya\/wp-json\/wp\/v2\/comments?post=8079"}],"version-history":[{"count":3,"href":"https:\/\/agora.xtec.cat\/escolabacdecerdanya\/wp-json\/wp\/v2\/posts\/8079\/revisions"}],"predecessor-version":[{"id":8085,"href":"https:\/\/agora.xtec.cat\/escolabacdecerdanya\/wp-json\/wp\/v2\/posts\/8079\/revisions\/8085"}],"wp:featuredmedia":[{"embeddable":true,"href":"https:\/\/agora.xtec.cat\/escolabacdecerdanya\/wp-json\/wp\/v2\/media\/8080"}],"wp:attachment":[{"href":"https:\/\/agora.xtec.cat\/escolabacdecerdanya\/wp-json\/wp\/v2\/media?parent=8079"}],"wp:term":[{"taxonomy":"category","embeddable":true,"href":"https:\/\/agora.xtec.cat\/escolabacdecerdanya\/wp-json\/wp\/v2\/categories?post=8079"},{"taxonomy":"post_tag","embeddable":true,"href":"https:\/\/agora.xtec.cat\/escolabacdecerdanya\/wp-json\/wp\/v2\/tags?post=8079"}],"curies":[{"name":"wp","href":"https:\/\/api.w.org\/{rel}","templated":true}]}}