{"id":8066,"date":"2026-02-26T10:12:10","date_gmt":"2026-02-26T09:12:10","guid":{"rendered":"https:\/\/agora.xtec.cat\/escolabacdecerdanya\/?p=8066"},"modified":"2026-02-26T10:15:46","modified_gmt":"2026-02-26T09:15:46","slug":"decoracio-de-carnaval","status":"publish","type":"post","link":"https:\/\/agora.xtec.cat\/escolabacdecerdanya\/general\/decoracio-de-carnaval\/","title":{"rendered":"DECORACI\u00d3 DE CARNAVAL"},"content":{"rendered":"\n<p>Els infants de primer i segon han elaborat la decoraci\u00f3, de l\u2019entrada de l\u2019escola, per a la celebraci\u00f3 del carnaval. Aquest any i relacionat amb la setmana cultural, la decoraci\u00f3 s&#8217;ha centrat en la mitologia i els seus \u00e9ssers fant\u00e0stics.<\/p>\n\n\n\n<p>Als tallers de pl\u00e0stica hem confeccionat les disfresses i hem realitzat diverses activitats per guarnir l&#8217;entrada i donar la benvinguda al Rei Carnestoltes.<\/p>\n\n\n\n<p>Clicant a la seg\u00fcent imatge podreu veure el resultat:<\/p>\n\n\n\n<figure class=\"wp-block-image size-large is-resized\"><a href=\"https:\/\/drive.google.com\/drive\/folders\/13nwzFxrGGPVgPoRK44S20v2BX7yicKlj?usp=drive_link\" target=\"_blank\" rel=\" noreferrer noopener\"><img loading=\"lazy\" decoding=\"async\" width=\"1024\" height=\"768\" src=\"https:\/\/agora.xtec.cat\/escolabacdecerdanya\/wp-content\/uploads\/usu1753\/2026\/02\/IMG_3605-1-1024x768.jpg\" alt=\"\" class=\"wp-image-8067\" style=\"width:396px;height:auto\" srcset=\"https:\/\/agora.xtec.cat\/escolabacdecerdanya\/wp-content\/uploads\/usu1753\/2026\/02\/IMG_3605-1-1024x768.jpg 1024w, https:\/\/agora.xtec.cat\/escolabacdecerdanya\/wp-content\/uploads\/usu1753\/2026\/02\/IMG_3605-1-300x225.jpg 300w, https:\/\/agora.xtec.cat\/escolabacdecerdanya\/wp-content\/uploads\/usu1753\/2026\/02\/IMG_3605-1-768x576.jpg 768w, https:\/\/agora.xtec.cat\/escolabacdecerdanya\/wp-content\/uploads\/usu1753\/2026\/02\/IMG_3605-1-1536x1152.jpg 1536w, https:\/\/agora.xtec.cat\/escolabacdecerdanya\/wp-content\/uploads\/usu1753\/2026\/02\/IMG_3605-1-2048x1536.jpg 2048w, https:\/\/agora.xtec.cat\/escolabacdecerdanya\/wp-content\/uploads\/usu1753\/2026\/02\/IMG_3605-1-200x150.jpg 200w\" sizes=\"auto, (max-width: 1024px) 100vw, 1024px\" \/><\/a><\/figure>\n\n\n\n<p>Felicitats Cicle Inicial, heu fet una feina genial!!<\/p>\n\n\n\n<p><\/p>\n","protected":false},"excerpt":{"rendered":"<p>Els infants de primer i segon han elaborat la decoraci\u00f3, de l\u2019entrada de l\u2019escola, per a la celebraci\u00f3 del carnaval. Aquest any i relacionat amb la setmana cultural, la decoraci\u00f3 s&#8217;ha centrat en la mitologia i els seus \u00e9ssers fant\u00e0stics.<\/p>\n<p>Als tallers de pl\u00e0stica hem confeccionat&hellip;  <a href=\"https:\/\/agora.xtec.cat\/escolabacdecerdanya\/general\/decoracio-de-carnaval\/\" title=\"Read DECORACI\u00d3 DE CARNAVAL\">Llegeix m\u00e9s\u00bb<\/a><\/p>\n","protected":false},"author":120,"featured_media":8070,"comment_status":"open","ping_status":"open","sticky":false,"template":"","format":"standard","meta":{"_bbp_topic_count":0,"_bbp_reply_count":0,"_bbp_total_topic_count":0,"_bbp_total_reply_count":0,"_bbp_voice_count":0,"_bbp_anonymous_reply_count":0,"_bbp_topic_count_hidden":0,"_bbp_reply_count_hidden":0,"_bbp_forum_subforum_count":0,"footnotes":""},"categories":[10,11,239,65,104,240,161,1,4],"tags":[],"class_list":["post-8066","post","type-post","status-publish","format-standard","has-post-thumbnail","hentry","category-1r","category-2n","category-album-de-fotos","category-carnestoltes","category-inicial","category-cicle-inicial","category-festes","category-general","category-portada"],"post_mailing_queue_ids":[],"_links":{"self":[{"href":"https:\/\/agora.xtec.cat\/escolabacdecerdanya\/wp-json\/wp\/v2\/posts\/8066","targetHints":{"allow":["GET"]}}],"collection":[{"href":"https:\/\/agora.xtec.cat\/escolabacdecerdanya\/wp-json\/wp\/v2\/posts"}],"about":[{"href":"https:\/\/agora.xtec.cat\/escolabacdecerdanya\/wp-json\/wp\/v2\/types\/post"}],"author":[{"embeddable":true,"href":"https:\/\/agora.xtec.cat\/escolabacdecerdanya\/wp-json\/wp\/v2\/users\/120"}],"replies":[{"embeddable":true,"href":"https:\/\/agora.xtec.cat\/escolabacdecerdanya\/wp-json\/wp\/v2\/comments?post=8066"}],"version-history":[{"count":3,"href":"https:\/\/agora.xtec.cat\/escolabacdecerdanya\/wp-json\/wp\/v2\/posts\/8066\/revisions"}],"predecessor-version":[{"id":8072,"href":"https:\/\/agora.xtec.cat\/escolabacdecerdanya\/wp-json\/wp\/v2\/posts\/8066\/revisions\/8072"}],"wp:featuredmedia":[{"embeddable":true,"href":"https:\/\/agora.xtec.cat\/escolabacdecerdanya\/wp-json\/wp\/v2\/media\/8070"}],"wp:attachment":[{"href":"https:\/\/agora.xtec.cat\/escolabacdecerdanya\/wp-json\/wp\/v2\/media?parent=8066"}],"wp:term":[{"taxonomy":"category","embeddable":true,"href":"https:\/\/agora.xtec.cat\/escolabacdecerdanya\/wp-json\/wp\/v2\/categories?post=8066"},{"taxonomy":"post_tag","embeddable":true,"href":"https:\/\/agora.xtec.cat\/escolabacdecerdanya\/wp-json\/wp\/v2\/tags?post=8066"}],"curies":[{"name":"wp","href":"https:\/\/api.w.org\/{rel}","templated":true}]}}