{"id":8054,"date":"2026-02-19T11:23:54","date_gmt":"2026-02-19T10:23:54","guid":{"rendered":"https:\/\/agora.xtec.cat\/escolabacdecerdanya\/?p=8054"},"modified":"2026-02-19T11:24:56","modified_gmt":"2026-02-19T10:24:56","slug":"teatre-el-peix-irisat","status":"publish","type":"post","link":"https:\/\/agora.xtec.cat\/escolabacdecerdanya\/general\/teatre-el-peix-irisat\/","title":{"rendered":"TEATRE &#8220;EL PEIX IRISAT&#8221;"},"content":{"rendered":"\n<p>El servei educatiu de la Cerdanya conjuntament amb el Consell Comarcal han organitzat una activitat l\u00fadica i pedag\u00f2gica per les escoles de la comarca. L&#8217;activitat consistia en una obra de teatre al centre c\u00edvic de Bellver. Aquesta, era la representaci\u00f3 del conte &#8220;El peix irisat&#8221;, un peix orgull\u00f3s que no vol compartir la seva bellesa amb els altres fins que se n&#8217;adona que est\u00e0 sol si no comparteix.<\/p>\n\n\n\n<p>Una obra de teatre amena, divertida i interactiva. Clica la imatge per veure m\u00e9s fotografies.<\/p>\n\n\n\n<figure class=\"wp-block-image size-large is-resized\"><a href=\"https:\/\/drive.google.com\/drive\/folders\/1wJ0bJk15WuQjxjsHjIHJpJtjyEOk5RAj?usp=drive_link\"><img loading=\"lazy\" decoding=\"async\" width=\"1024\" height=\"768\" src=\"https:\/\/agora.xtec.cat\/escolabacdecerdanya\/wp-content\/uploads\/usu1753\/2026\/02\/20260218_152655-2-1024x768.jpg\" alt=\"\" class=\"wp-image-8055\" style=\"width:423px;height:auto\" srcset=\"https:\/\/agora.xtec.cat\/escolabacdecerdanya\/wp-content\/uploads\/usu1753\/2026\/02\/20260218_152655-2-1024x768.jpg 1024w, https:\/\/agora.xtec.cat\/escolabacdecerdanya\/wp-content\/uploads\/usu1753\/2026\/02\/20260218_152655-2-300x225.jpg 300w, https:\/\/agora.xtec.cat\/escolabacdecerdanya\/wp-content\/uploads\/usu1753\/2026\/02\/20260218_152655-2-768x576.jpg 768w, https:\/\/agora.xtec.cat\/escolabacdecerdanya\/wp-content\/uploads\/usu1753\/2026\/02\/20260218_152655-2-1536x1152.jpg 1536w, https:\/\/agora.xtec.cat\/escolabacdecerdanya\/wp-content\/uploads\/usu1753\/2026\/02\/20260218_152655-2-2048x1536.jpg 2048w, https:\/\/agora.xtec.cat\/escolabacdecerdanya\/wp-content\/uploads\/usu1753\/2026\/02\/20260218_152655-2-200x150.jpg 200w\" sizes=\"auto, (max-width: 1024px) 100vw, 1024px\" \/><\/a><\/figure>\n","protected":false},"excerpt":{"rendered":"<p>El servei educatiu de la Cerdanya conjuntament amb el Consell Comarcal han organitzat una activitat l\u00fadica i pedag\u00f2gica per les escoles de la comarca. L&#8217;activitat consistia en una obra de teatre al centre c\u00edvic de Bellver. Aquesta, era la representaci\u00f3 del conte &#8220;El peix irisat&#8221;,&hellip;  <a href=\"https:\/\/agora.xtec.cat\/escolabacdecerdanya\/general\/teatre-el-peix-irisat\/\" title=\"Read TEATRE &#8220;EL PEIX IRISAT&#8221;\">Llegeix m\u00e9s\u00bb<\/a><\/p>\n","protected":false},"author":6,"featured_media":8055,"comment_status":"open","ping_status":"open","sticky":false,"template":"","format":"standard","meta":{"_bbp_topic_count":0,"_bbp_reply_count":0,"_bbp_total_topic_count":0,"_bbp_total_reply_count":0,"_bbp_voice_count":0,"_bbp_anonymous_reply_count":0,"_bbp_topic_count_hidden":0,"_bbp_reply_count_hidden":0,"_bbp_forum_subforum_count":0,"footnotes":""},"categories":[239,103,1,61,3,8,9,4],"tags":[],"class_list":["post-8054","post","type-post","status-publish","format-standard","has-post-thumbnail","hentry","category-album-de-fotos","category-infantil-2","category-general","category-novetats","category-p3","category-p4","category-p5","category-portada"],"post_mailing_queue_ids":[],"_links":{"self":[{"href":"https:\/\/agora.xtec.cat\/escolabacdecerdanya\/wp-json\/wp\/v2\/posts\/8054","targetHints":{"allow":["GET"]}}],"collection":[{"href":"https:\/\/agora.xtec.cat\/escolabacdecerdanya\/wp-json\/wp\/v2\/posts"}],"about":[{"href":"https:\/\/agora.xtec.cat\/escolabacdecerdanya\/wp-json\/wp\/v2\/types\/post"}],"author":[{"embeddable":true,"href":"https:\/\/agora.xtec.cat\/escolabacdecerdanya\/wp-json\/wp\/v2\/users\/6"}],"replies":[{"embeddable":true,"href":"https:\/\/agora.xtec.cat\/escolabacdecerdanya\/wp-json\/wp\/v2\/comments?post=8054"}],"version-history":[{"count":2,"href":"https:\/\/agora.xtec.cat\/escolabacdecerdanya\/wp-json\/wp\/v2\/posts\/8054\/revisions"}],"predecessor-version":[{"id":8057,"href":"https:\/\/agora.xtec.cat\/escolabacdecerdanya\/wp-json\/wp\/v2\/posts\/8054\/revisions\/8057"}],"wp:featuredmedia":[{"embeddable":true,"href":"https:\/\/agora.xtec.cat\/escolabacdecerdanya\/wp-json\/wp\/v2\/media\/8055"}],"wp:attachment":[{"href":"https:\/\/agora.xtec.cat\/escolabacdecerdanya\/wp-json\/wp\/v2\/media?parent=8054"}],"wp:term":[{"taxonomy":"category","embeddable":true,"href":"https:\/\/agora.xtec.cat\/escolabacdecerdanya\/wp-json\/wp\/v2\/categories?post=8054"},{"taxonomy":"post_tag","embeddable":true,"href":"https:\/\/agora.xtec.cat\/escolabacdecerdanya\/wp-json\/wp\/v2\/tags?post=8054"}],"curies":[{"name":"wp","href":"https:\/\/api.w.org\/{rel}","templated":true}]}}