{"id":8050,"date":"2026-02-19T11:17:00","date_gmt":"2026-02-19T10:17:00","guid":{"rendered":"https:\/\/agora.xtec.cat\/escolabacdecerdanya\/?p=8050"},"modified":"2026-02-18T13:27:45","modified_gmt":"2026-02-18T12:27:45","slug":"carnestoltes-2026","status":"publish","type":"post","link":"https:\/\/agora.xtec.cat\/escolabacdecerdanya\/general\/carnestoltes-2026\/","title":{"rendered":"Carnestoltes 2026"},"content":{"rendered":"\n<p>Despr\u00e9s de preparar disfresses i&nbsp; inclem\u00e8ncies meteorol\u00f2giques els \u00e9ssers mitol\u00f2gics van sortir al carrer!<\/p>\n\n\n\n<p>Primer de tot, els alumnes de 6\u00e8 ens van llegir el preg\u00f3 i despr\u00e9s&nbsp; mentre els alumnes de cicle inicial i infantil es van quedar a l\u2019escola fent jocs, els alumnes de 3r a 6\u00e8 vam sortir a la rua per anar a demanar ROSTITA.<\/p>\n\n\n\n<p>Amb tot el que vam recollir vam poder berenar despr\u00e9s de fer la desfilada de disfresses. Ahir dimecres els alumnes de 5\u00e8 van fer el judici del rei Carnestoltes i vam fer el dinar de ROSTITA!\u00a0 per acabar el Carnaval 2026.<\/p>\n\n\n\n<figure class=\"wp-block-image\"><img decoding=\"async\" src=\"https:\/\/agora.xtec.cat\/escolabacdecerdanya\/wp-content\/uploads\/usu1753\/2026\/02\/WhatsApp-Image-2026-02-18-at-13.21.32-1024x473.jpeg\" alt=\"\"\/><\/figure>\n\n\n\n<p>Si voleu veure m\u00e9s fotografies cliqueu <a href=\"https:\/\/drive.google.com\/drive\/u\/0\/folders\/1n1v89eYNeM35aofIPL7wG3aqaOLlxbdq\" data-type=\"link\" data-id=\"https:\/\/drive.google.com\/drive\/u\/0\/folders\/1n1v89eYNeM35aofIPL7wG3aqaOLlxbdq\">AQU\u00cd<\/a><\/p>\n\n\n\n<p><\/p>\n","protected":false},"excerpt":{"rendered":"<p>Despr\u00e9s de preparar disfresses i&nbsp; inclem\u00e8ncies meteorol\u00f2giques els \u00e9ssers mitol\u00f2gics van sortir al carrer!<\/p>\n<p>Primer de tot, els alumnes de 6\u00e8 ens van llegir el preg\u00f3 i despr\u00e9s&nbsp; mentre els alumnes de cicle inicial i infantil es van quedar a l\u2019escola fent jocs, els alumnes de&hellip;  <a href=\"https:\/\/agora.xtec.cat\/escolabacdecerdanya\/general\/carnestoltes-2026\/\" title=\"Read Carnestoltes 2026\">Llegeix m\u00e9s\u00bb<\/a><\/p>\n","protected":false},"author":49,"featured_media":8051,"comment_status":"open","ping_status":"open","sticky":false,"template":"","format":"standard","meta":{"_bbp_topic_count":0,"_bbp_reply_count":0,"_bbp_total_topic_count":0,"_bbp_total_reply_count":0,"_bbp_voice_count":0,"_bbp_anonymous_reply_count":0,"_bbp_topic_count_hidden":0,"_bbp_reply_count_hidden":0,"_bbp_forum_subforum_count":0,"footnotes":""},"categories":[65,104,105,76,103,161,1,61,4],"tags":[],"class_list":["post-8050","post","type-post","status-publish","format-standard","has-post-thumbnail","hentry","category-carnestoltes","category-inicial","category-mitja","category-cicle-superior","category-infantil-2","category-festes","category-general","category-novetats","category-portada"],"post_mailing_queue_ids":[],"_links":{"self":[{"href":"https:\/\/agora.xtec.cat\/escolabacdecerdanya\/wp-json\/wp\/v2\/posts\/8050","targetHints":{"allow":["GET"]}}],"collection":[{"href":"https:\/\/agora.xtec.cat\/escolabacdecerdanya\/wp-json\/wp\/v2\/posts"}],"about":[{"href":"https:\/\/agora.xtec.cat\/escolabacdecerdanya\/wp-json\/wp\/v2\/types\/post"}],"author":[{"embeddable":true,"href":"https:\/\/agora.xtec.cat\/escolabacdecerdanya\/wp-json\/wp\/v2\/users\/49"}],"replies":[{"embeddable":true,"href":"https:\/\/agora.xtec.cat\/escolabacdecerdanya\/wp-json\/wp\/v2\/comments?post=8050"}],"version-history":[{"count":2,"href":"https:\/\/agora.xtec.cat\/escolabacdecerdanya\/wp-json\/wp\/v2\/posts\/8050\/revisions"}],"predecessor-version":[{"id":8053,"href":"https:\/\/agora.xtec.cat\/escolabacdecerdanya\/wp-json\/wp\/v2\/posts\/8050\/revisions\/8053"}],"wp:featuredmedia":[{"embeddable":true,"href":"https:\/\/agora.xtec.cat\/escolabacdecerdanya\/wp-json\/wp\/v2\/media\/8051"}],"wp:attachment":[{"href":"https:\/\/agora.xtec.cat\/escolabacdecerdanya\/wp-json\/wp\/v2\/media?parent=8050"}],"wp:term":[{"taxonomy":"category","embeddable":true,"href":"https:\/\/agora.xtec.cat\/escolabacdecerdanya\/wp-json\/wp\/v2\/categories?post=8050"},{"taxonomy":"post_tag","embeddable":true,"href":"https:\/\/agora.xtec.cat\/escolabacdecerdanya\/wp-json\/wp\/v2\/tags?post=8050"}],"curies":[{"name":"wp","href":"https:\/\/api.w.org\/{rel}","templated":true}]}}