{"id":8040,"date":"2026-02-05T23:30:47","date_gmt":"2026-02-05T22:30:47","guid":{"rendered":"https:\/\/agora.xtec.cat\/escolabacdecerdanya\/?p=8040"},"modified":"2026-02-05T23:30:48","modified_gmt":"2026-02-05T22:30:48","slug":"dones-inventores","status":"publish","type":"post","link":"https:\/\/agora.xtec.cat\/escolabacdecerdanya\/general\/dones-inventores\/","title":{"rendered":"DONES INVENTORES"},"content":{"rendered":"\n<p>Els alumnes de 6\u00e8 dins del projecte que estem treballant sobre la &#8220;Mat\u00e8ria i l&#8217;energia&#8221;, ens hem volgut interessar per dones inventores que hi ha hagut al llarg de la hist\u00f2ria i els seus invents. Cadasc\u00fa ha escollit una inventora, l&#8217;ha investigat i n&#8217;ha fet un treball que despr\u00e9s ha explicat a la resta de companys. <a href=\"https:\/\/drive.google.com\/drive\/folders\/1AjWbWcPBNLxg1N_UYEuA1MW6ZkZvI1Ki?usp=share_link\" data-type=\"link\" data-id=\"https:\/\/drive.google.com\/drive\/folders\/1AjWbWcPBNLxg1N_UYEuA1MW6ZkZvI1Ki?usp=share_link\">Aqu\u00ed podeu veure&#8217;n les imatges!<\/a><\/p>\n\n\n\n<figure class=\"wp-block-image size-large is-resized\"><a href=\"https:\/\/agora.xtec.cat\/escolabacdecerdanya\/wp-content\/uploads\/usu1753\/2026\/02\/DONES-INVENTORES-1.png\"><img loading=\"lazy\" decoding=\"async\" width=\"724\" height=\"1024\" src=\"https:\/\/agora.xtec.cat\/escolabacdecerdanya\/wp-content\/uploads\/usu1753\/2026\/02\/DONES-INVENTORES-1-724x1024.png\" alt=\"\" class=\"wp-image-8042\" style=\"width:559px;height:auto\" srcset=\"https:\/\/agora.xtec.cat\/escolabacdecerdanya\/wp-content\/uploads\/usu1753\/2026\/02\/DONES-INVENTORES-1-724x1024.png 724w, https:\/\/agora.xtec.cat\/escolabacdecerdanya\/wp-content\/uploads\/usu1753\/2026\/02\/DONES-INVENTORES-1-212x300.png 212w, https:\/\/agora.xtec.cat\/escolabacdecerdanya\/wp-content\/uploads\/usu1753\/2026\/02\/DONES-INVENTORES-1-768x1086.png 768w, https:\/\/agora.xtec.cat\/escolabacdecerdanya\/wp-content\/uploads\/usu1753\/2026\/02\/DONES-INVENTORES-1.png 992w\" sizes=\"auto, (max-width: 724px) 100vw, 724px\" \/><\/a><\/figure>\n\n\n\n<p><\/p>\n","protected":false},"excerpt":{"rendered":"<p>Els alumnes de 6\u00e8 dins del projecte que estem treballant sobre la &#8220;Mat\u00e8ria i l&#8217;energia&#8221;, ens hem volgut interessar per dones inventores que hi ha hagut al llarg de la hist\u00f2ria i els seus invents. Cadasc\u00fa ha escollit una inventora, l&#8217;ha investigat i n&#8217;ha fet&hellip;  <a href=\"https:\/\/agora.xtec.cat\/escolabacdecerdanya\/general\/dones-inventores\/\" title=\"Read DONES INVENTORES\">Llegeix m\u00e9s\u00bb<\/a><\/p>\n","protected":false},"author":15,"featured_media":8041,"comment_status":"open","ping_status":"open","sticky":false,"template":"","format":"standard","meta":{"_bbp_topic_count":0,"_bbp_reply_count":0,"_bbp_total_topic_count":0,"_bbp_total_reply_count":0,"_bbp_voice_count":0,"_bbp_anonymous_reply_count":0,"_bbp_topic_count_hidden":0,"_bbp_reply_count_hidden":0,"_bbp_forum_subforum_count":0,"footnotes":""},"categories":[15,239,76,241,1,4],"tags":[],"class_list":["post-8040","post","type-post","status-publish","format-standard","has-post-thumbnail","hentry","category-6e","category-album-de-fotos","category-cicle-superior","category-ft-cicle-superior","category-general","category-portada"],"post_mailing_queue_ids":[],"_links":{"self":[{"href":"https:\/\/agora.xtec.cat\/escolabacdecerdanya\/wp-json\/wp\/v2\/posts\/8040","targetHints":{"allow":["GET"]}}],"collection":[{"href":"https:\/\/agora.xtec.cat\/escolabacdecerdanya\/wp-json\/wp\/v2\/posts"}],"about":[{"href":"https:\/\/agora.xtec.cat\/escolabacdecerdanya\/wp-json\/wp\/v2\/types\/post"}],"author":[{"embeddable":true,"href":"https:\/\/agora.xtec.cat\/escolabacdecerdanya\/wp-json\/wp\/v2\/users\/15"}],"replies":[{"embeddable":true,"href":"https:\/\/agora.xtec.cat\/escolabacdecerdanya\/wp-json\/wp\/v2\/comments?post=8040"}],"version-history":[{"count":2,"href":"https:\/\/agora.xtec.cat\/escolabacdecerdanya\/wp-json\/wp\/v2\/posts\/8040\/revisions"}],"predecessor-version":[{"id":8044,"href":"https:\/\/agora.xtec.cat\/escolabacdecerdanya\/wp-json\/wp\/v2\/posts\/8040\/revisions\/8044"}],"wp:featuredmedia":[{"embeddable":true,"href":"https:\/\/agora.xtec.cat\/escolabacdecerdanya\/wp-json\/wp\/v2\/media\/8041"}],"wp:attachment":[{"href":"https:\/\/agora.xtec.cat\/escolabacdecerdanya\/wp-json\/wp\/v2\/media?parent=8040"}],"wp:term":[{"taxonomy":"category","embeddable":true,"href":"https:\/\/agora.xtec.cat\/escolabacdecerdanya\/wp-json\/wp\/v2\/categories?post=8040"},{"taxonomy":"post_tag","embeddable":true,"href":"https:\/\/agora.xtec.cat\/escolabacdecerdanya\/wp-json\/wp\/v2\/tags?post=8040"}],"curies":[{"name":"wp","href":"https:\/\/api.w.org\/{rel}","templated":true}]}}