{"id":8027,"date":"2026-01-30T09:00:00","date_gmt":"2026-01-30T08:00:00","guid":{"rendered":"https:\/\/agora.xtec.cat\/escolabacdecerdanya\/?p=8027"},"modified":"2026-01-29T14:27:16","modified_gmt":"2026-01-29T13:27:16","slug":"recepta-de-la-pau","status":"publish","type":"post","link":"https:\/\/agora.xtec.cat\/escolabacdecerdanya\/general\/recepta-de-la-pau\/","title":{"rendered":"RECEPTA DE LA PAU"},"content":{"rendered":"\n<p>El dia 30 de gener es celebra el DENIP, dia escolar per la no viol\u00e8ncia i la pau. Aquest curs hem decidit preparar una recepta per la pau despr\u00e9s d&#8217;escoltar un conte on una nena, anomenada Muriel, li explicava al seu pare que hi havia persones que no poden menjar al m\u00f3n.<\/p>\n\n\n\n<p>Moltes vegades la gent no pot menjar perqu\u00e8 al lloc on viuen no hi ha pau, aix\u00ed que el pare de la Muriel li proposa pensar una recepta per aconseguir-la. Els infants de l&#8217;escola han fet diverses din\u00e0miques per pensar m\u00e9s ingredients i, entre tots i totes, n&#8217;hem fet una de ben bona.<\/p>\n\n\n\n<p>Despr\u00e9s ens hem trobat totes i tots, hem posat els ingredients a dins una olla, els hem barrejat i hem cuinat una mica de pau. Finalment hem acabat cantant i ballant la can\u00e7\u00f3 &#8220;El m\u00f3n seria m\u00e9s feli\u00e7&#8221;.<\/p>\n\n\n\n<p>Si voleu veure totes les imatges i v\u00eddeos de la celebraci\u00f3 cliqueu <a href=\"https:\/\/drive.google.com\/drive\/folders\/1FvCCQMBSi_hpFuk4nM6AFnWQsh5BlyFJ\">aqu\u00ed<\/a>.<\/p>\n\n\n\n<figure class=\"wp-block-image\"><img loading=\"lazy\" decoding=\"async\" width=\"2048\" height=\"1536\" src=\"https:\/\/agora.xtec.cat\/escolabacdecerdanya\/wp-content\/uploads\/usu1753\/2026\/01\/IMG-20260129-WA00091.jpg\" alt=\"\" class=\"wp-image-8028\" srcset=\"https:\/\/agora.xtec.cat\/escolabacdecerdanya\/wp-content\/uploads\/usu1753\/2026\/01\/IMG-20260129-WA00091.jpg 2048w, https:\/\/agora.xtec.cat\/escolabacdecerdanya\/wp-content\/uploads\/usu1753\/2026\/01\/IMG-20260129-WA00091-300x225.jpg 300w, https:\/\/agora.xtec.cat\/escolabacdecerdanya\/wp-content\/uploads\/usu1753\/2026\/01\/IMG-20260129-WA00091-1024x768.jpg 1024w, https:\/\/agora.xtec.cat\/escolabacdecerdanya\/wp-content\/uploads\/usu1753\/2026\/01\/IMG-20260129-WA00091-768x576.jpg 768w, https:\/\/agora.xtec.cat\/escolabacdecerdanya\/wp-content\/uploads\/usu1753\/2026\/01\/IMG-20260129-WA00091-1536x1152.jpg 1536w, https:\/\/agora.xtec.cat\/escolabacdecerdanya\/wp-content\/uploads\/usu1753\/2026\/01\/IMG-20260129-WA00091-200x150.jpg 200w\" sizes=\"auto, (max-width: 2048px) 100vw, 2048px\" \/><\/figure>\n\n\n\n<figure class=\"wp-block-image size-large\"><a href=\"https:\/\/agora.xtec.cat\/escolabacdecerdanya\/wp-content\/uploads\/usu1753\/2026\/01\/IMG-20260129-WA00101.jpg\"><img loading=\"lazy\" decoding=\"async\" width=\"768\" height=\"1024\" src=\"https:\/\/agora.xtec.cat\/escolabacdecerdanya\/wp-content\/uploads\/usu1753\/2026\/01\/IMG-20260129-WA00101-768x1024.jpg\" alt=\"\" class=\"wp-image-8029\" srcset=\"https:\/\/agora.xtec.cat\/escolabacdecerdanya\/wp-content\/uploads\/usu1753\/2026\/01\/IMG-20260129-WA00101-768x1024.jpg 768w, https:\/\/agora.xtec.cat\/escolabacdecerdanya\/wp-content\/uploads\/usu1753\/2026\/01\/IMG-20260129-WA00101-225x300.jpg 225w, https:\/\/agora.xtec.cat\/escolabacdecerdanya\/wp-content\/uploads\/usu1753\/2026\/01\/IMG-20260129-WA00101-1152x1536.jpg 1152w, https:\/\/agora.xtec.cat\/escolabacdecerdanya\/wp-content\/uploads\/usu1753\/2026\/01\/IMG-20260129-WA00101.jpg 1536w\" sizes=\"auto, (max-width: 768px) 100vw, 768px\" \/><\/a><\/figure>\n\n\n\n<figure class=\"wp-block-image size-large\"><a href=\"https:\/\/agora.xtec.cat\/escolabacdecerdanya\/wp-content\/uploads\/usu1753\/2026\/01\/IMG-20260129-WA0007.jpg\"><img loading=\"lazy\" decoding=\"async\" width=\"1024\" height=\"577\" src=\"https:\/\/agora.xtec.cat\/escolabacdecerdanya\/wp-content\/uploads\/usu1753\/2026\/01\/IMG-20260129-WA0007-1024x577.jpg\" alt=\"\" class=\"wp-image-8030\" srcset=\"https:\/\/agora.xtec.cat\/escolabacdecerdanya\/wp-content\/uploads\/usu1753\/2026\/01\/IMG-20260129-WA0007-1024x577.jpg 1024w, https:\/\/agora.xtec.cat\/escolabacdecerdanya\/wp-content\/uploads\/usu1753\/2026\/01\/IMG-20260129-WA0007-300x169.jpg 300w, https:\/\/agora.xtec.cat\/escolabacdecerdanya\/wp-content\/uploads\/usu1753\/2026\/01\/IMG-20260129-WA0007-768x432.jpg 768w, https:\/\/agora.xtec.cat\/escolabacdecerdanya\/wp-content\/uploads\/usu1753\/2026\/01\/IMG-20260129-WA0007-1536x865.jpg 1536w, https:\/\/agora.xtec.cat\/escolabacdecerdanya\/wp-content\/uploads\/usu1753\/2026\/01\/IMG-20260129-WA0007.jpg 2000w\" sizes=\"auto, (max-width: 1024px) 100vw, 1024px\" \/><\/a><\/figure>\n","protected":false},"excerpt":{"rendered":"<p>El dia 30 de gener es celebra el DENIP, dia escolar per la no viol\u00e8ncia i la pau. Aquest curs hem decidit preparar una recepta per la pau despr\u00e9s d&#8217;escoltar un conte on una nena, anomenada Muriel, li explicava al seu pare que hi havia&hellip;  <a href=\"https:\/\/agora.xtec.cat\/escolabacdecerdanya\/general\/recepta-de-la-pau\/\" title=\"Read RECEPTA DE LA PAU\">Llegeix m\u00e9s\u00bb<\/a><\/p>\n","protected":false},"author":60,"featured_media":8028,"comment_status":"open","ping_status":"open","sticky":false,"template":"","format":"standard","meta":{"_bbp_topic_count":0,"_bbp_reply_count":0,"_bbp_total_topic_count":0,"_bbp_total_reply_count":0,"_bbp_voice_count":0,"_bbp_anonymous_reply_count":0,"_bbp_topic_count_hidden":0,"_bbp_reply_count_hidden":0,"_bbp_forum_subforum_count":0,"footnotes":""},"categories":[1,4],"tags":[],"class_list":["post-8027","post","type-post","status-publish","format-standard","has-post-thumbnail","hentry","category-general","category-portada"],"post_mailing_queue_ids":[],"_links":{"self":[{"href":"https:\/\/agora.xtec.cat\/escolabacdecerdanya\/wp-json\/wp\/v2\/posts\/8027","targetHints":{"allow":["GET"]}}],"collection":[{"href":"https:\/\/agora.xtec.cat\/escolabacdecerdanya\/wp-json\/wp\/v2\/posts"}],"about":[{"href":"https:\/\/agora.xtec.cat\/escolabacdecerdanya\/wp-json\/wp\/v2\/types\/post"}],"author":[{"embeddable":true,"href":"https:\/\/agora.xtec.cat\/escolabacdecerdanya\/wp-json\/wp\/v2\/users\/60"}],"replies":[{"embeddable":true,"href":"https:\/\/agora.xtec.cat\/escolabacdecerdanya\/wp-json\/wp\/v2\/comments?post=8027"}],"version-history":[{"count":1,"href":"https:\/\/agora.xtec.cat\/escolabacdecerdanya\/wp-json\/wp\/v2\/posts\/8027\/revisions"}],"predecessor-version":[{"id":8031,"href":"https:\/\/agora.xtec.cat\/escolabacdecerdanya\/wp-json\/wp\/v2\/posts\/8027\/revisions\/8031"}],"wp:featuredmedia":[{"embeddable":true,"href":"https:\/\/agora.xtec.cat\/escolabacdecerdanya\/wp-json\/wp\/v2\/media\/8028"}],"wp:attachment":[{"href":"https:\/\/agora.xtec.cat\/escolabacdecerdanya\/wp-json\/wp\/v2\/media?parent=8027"}],"wp:term":[{"taxonomy":"category","embeddable":true,"href":"https:\/\/agora.xtec.cat\/escolabacdecerdanya\/wp-json\/wp\/v2\/categories?post=8027"},{"taxonomy":"post_tag","embeddable":true,"href":"https:\/\/agora.xtec.cat\/escolabacdecerdanya\/wp-json\/wp\/v2\/tags?post=8027"}],"curies":[{"name":"wp","href":"https:\/\/api.w.org\/{rel}","templated":true}]}}