{"id":8002,"date":"2026-01-15T10:57:38","date_gmt":"2026-01-15T09:57:38","guid":{"rendered":"https:\/\/agora.xtec.cat\/escolabacdecerdanya\/?p=8002"},"modified":"2026-01-15T18:26:20","modified_gmt":"2026-01-15T17:26:20","slug":"setmana-blanca-2026","status":"publish","type":"post","link":"https:\/\/agora.xtec.cat\/escolabacdecerdanya\/general\/setmana-blanca-2026\/","title":{"rendered":"Setmana Blanca 2026"},"content":{"rendered":"\n<p>Aquesta setmana estem gaudint de l&#8217;esqu\u00ed a Masella!<\/p>\n\n\n\n<p>Durant tota la setmana estem practicant esqu\u00ed alp\u00ed i snow des d&#8217;I3 fins a 6\u00e8!&#8230; hem tingut molta sort ja que l&#8217;estat de la neu \u00e9s espectacular i ens est\u00e0 fent molt bon temps!<\/p>\n\n\n\n<p>Moltes gr\u00e0cies a la Fundaci\u00f3 Bosch Aymerich de Masella, per la beca d&#8217;esqu\u00ed, i a David&#8217;s Sports per ajustar tant\u00edssim el preu del lloguer de material. Aquestes ajudes permeten que tots els infants que han volgut han pogut fer l&#8217;activitat d&#8217;esqu\u00ed.<\/p>\n\n\n\n<p>Si voleu veure m\u00e9s fotos cliqueu la imatge!<\/p>\n\n\n\n<figure class=\"wp-block-image size-large\"><a href=\"https:\/\/drive.google.com\/drive\/folders\/1Ny2ynckN8BDtT7bAUgg8iKqtDzR8z70N\"><img loading=\"lazy\" decoding=\"async\" width=\"1024\" height=\"774\" src=\"https:\/\/agora.xtec.cat\/escolabacdecerdanya\/wp-content\/uploads\/usu1753\/2026\/01\/1000091967-1024x774.jpg\" alt=\"\" class=\"wp-image-8003\" srcset=\"https:\/\/agora.xtec.cat\/escolabacdecerdanya\/wp-content\/uploads\/usu1753\/2026\/01\/1000091967-1024x774.jpg 1024w, https:\/\/agora.xtec.cat\/escolabacdecerdanya\/wp-content\/uploads\/usu1753\/2026\/01\/1000091967-300x227.jpg 300w, https:\/\/agora.xtec.cat\/escolabacdecerdanya\/wp-content\/uploads\/usu1753\/2026\/01\/1000091967-768x581.jpg 768w, https:\/\/agora.xtec.cat\/escolabacdecerdanya\/wp-content\/uploads\/usu1753\/2026\/01\/1000091967-200x150.jpg 200w, https:\/\/agora.xtec.cat\/escolabacdecerdanya\/wp-content\/uploads\/usu1753\/2026\/01\/1000091967.jpg 1428w\" sizes=\"auto, (max-width: 1024px) 100vw, 1024px\" \/><\/a><\/figure>\n\n\n\n<p><\/p>\n","protected":false},"excerpt":{"rendered":"<p>Aquesta setmana estem gaudint de l&#8217;esqu\u00ed a Masella!<\/p>\n<p>Durant tota la setmana estem practicant esqu\u00ed alp\u00ed i snow des d&#8217;I3 fins a 6\u00e8!&#8230; hem tingut molta sort ja que l&#8217;estat de la neu \u00e9s espectacular i ens est\u00e0 fent molt bon temps!<\/p>\n<p>Moltes gr\u00e0cies a la Fundaci\u00f3&hellip;  <a href=\"https:\/\/agora.xtec.cat\/escolabacdecerdanya\/general\/setmana-blanca-2026\/\" title=\"Read Setmana Blanca 2026\">Llegeix m\u00e9s\u00bb<\/a><\/p>\n","protected":false},"author":8,"featured_media":8003,"comment_status":"open","ping_status":"open","sticky":false,"template":"","format":"standard","meta":{"_bbp_topic_count":0,"_bbp_reply_count":0,"_bbp_total_topic_count":0,"_bbp_total_reply_count":0,"_bbp_voice_count":0,"_bbp_anonymous_reply_count":0,"_bbp_topic_count_hidden":0,"_bbp_reply_count_hidden":0,"_bbp_forum_subforum_count":0,"footnotes":""},"categories":[68,1,61,4],"tags":[],"class_list":["post-8002","post","type-post","status-publish","format-standard","has-post-thumbnail","hentry","category-esqui","category-general","category-novetats","category-portada"],"post_mailing_queue_ids":[],"_links":{"self":[{"href":"https:\/\/agora.xtec.cat\/escolabacdecerdanya\/wp-json\/wp\/v2\/posts\/8002","targetHints":{"allow":["GET"]}}],"collection":[{"href":"https:\/\/agora.xtec.cat\/escolabacdecerdanya\/wp-json\/wp\/v2\/posts"}],"about":[{"href":"https:\/\/agora.xtec.cat\/escolabacdecerdanya\/wp-json\/wp\/v2\/types\/post"}],"author":[{"embeddable":true,"href":"https:\/\/agora.xtec.cat\/escolabacdecerdanya\/wp-json\/wp\/v2\/users\/8"}],"replies":[{"embeddable":true,"href":"https:\/\/agora.xtec.cat\/escolabacdecerdanya\/wp-json\/wp\/v2\/comments?post=8002"}],"version-history":[{"count":2,"href":"https:\/\/agora.xtec.cat\/escolabacdecerdanya\/wp-json\/wp\/v2\/posts\/8002\/revisions"}],"predecessor-version":[{"id":8006,"href":"https:\/\/agora.xtec.cat\/escolabacdecerdanya\/wp-json\/wp\/v2\/posts\/8002\/revisions\/8006"}],"wp:featuredmedia":[{"embeddable":true,"href":"https:\/\/agora.xtec.cat\/escolabacdecerdanya\/wp-json\/wp\/v2\/media\/8003"}],"wp:attachment":[{"href":"https:\/\/agora.xtec.cat\/escolabacdecerdanya\/wp-json\/wp\/v2\/media?parent=8002"}],"wp:term":[{"taxonomy":"category","embeddable":true,"href":"https:\/\/agora.xtec.cat\/escolabacdecerdanya\/wp-json\/wp\/v2\/categories?post=8002"},{"taxonomy":"post_tag","embeddable":true,"href":"https:\/\/agora.xtec.cat\/escolabacdecerdanya\/wp-json\/wp\/v2\/tags?post=8002"}],"curies":[{"name":"wp","href":"https:\/\/api.w.org\/{rel}","templated":true}]}}