{"id":7996,"date":"2025-12-29T12:36:15","date_gmt":"2025-12-29T11:36:15","guid":{"rendered":"https:\/\/agora.xtec.cat\/escolabacdecerdanya\/?p=7996"},"modified":"2025-12-29T12:42:52","modified_gmt":"2025-12-29T11:42:52","slug":"caguem-el-tio-i-ens-visita-el-patge","status":"publish","type":"post","link":"https:\/\/agora.xtec.cat\/escolabacdecerdanya\/general\/caguem-el-tio-i-ens-visita-el-patge\/","title":{"rendered":"Caguem el ti\u00f3 i ens visita el patge!"},"content":{"rendered":"\n<p>Com cada any, tots hem arribat a l\u2019escola amb el bast\u00f3 per fer cagar el ti\u00f3. Quines garrotades! I quina il\u00b7lusi\u00f3!<br>Aquest any ens ha cagat un estoig amb un raspall i pasta de dents i un Calendari del Pag\u00e8s, per saber qu\u00e8 podem menjar a cada \u00e8poca de l\u2019any.<\/p>\n\n\n\n<p>Per\u00f2 aix\u00f2 no \u00e9s tot! Tamb\u00e9 ens ha visitat un dels patges dels Reis d\u2019Orient. Ens ha recollit les cartes amb els nostres millors desitjos per a aquest nou any que comen\u00e7a. Hem pogut parlar amb ell i li hem cantat i recitat els poemes que tots ens hem apr\u00e8s.<\/p>\n\n\n\n<p>Voleu veure les fotos? <a href=\"https:\/\/drive.google.com\/drive\/u\/1\/folders\/1epw9eSMbBpS7qThVq7omQc_TBfc4dYWm\" data-type=\"link\" data-id=\"https:\/\/drive.google.com\/drive\/u\/1\/folders\/1epw9eSMbBpS7qThVq7omQc_TBfc4dYWm\">Cliqueu aqu\u00ed.<\/a><\/p>\n\n\n\n<p><\/p>\n\n\n<div class=\"wp-block-image\">\n<figure class=\"aligncenter size-full\"><a href=\"https:\/\/agora.xtec.cat\/escolabacdecerdanya\/wp-content\/uploads\/usu1753\/2025\/12\/Sin-titulo.jpg\"><img loading=\"lazy\" decoding=\"async\" width=\"478\" height=\"351\" src=\"https:\/\/agora.xtec.cat\/escolabacdecerdanya\/wp-content\/uploads\/usu1753\/2025\/12\/Sin-titulo.jpg\" alt=\"\" class=\"wp-image-7997\" srcset=\"https:\/\/agora.xtec.cat\/escolabacdecerdanya\/wp-content\/uploads\/usu1753\/2025\/12\/Sin-titulo.jpg 478w, https:\/\/agora.xtec.cat\/escolabacdecerdanya\/wp-content\/uploads\/usu1753\/2025\/12\/Sin-titulo-300x220.jpg 300w\" sizes=\"auto, (max-width: 478px) 100vw, 478px\" \/><\/a><\/figure><\/div>","protected":false},"excerpt":{"rendered":"<p>Com cada any, tots hem arribat a l\u2019escola amb el bast\u00f3 per fer cagar el ti\u00f3. Quines garrotades! I quina il\u00b7lusi\u00f3!Aquest any ens ha cagat un estoig amb un raspall i pasta de dents i un Calendari del Pag\u00e8s, per saber qu\u00e8 podem menjar a&hellip;  <a href=\"https:\/\/agora.xtec.cat\/escolabacdecerdanya\/general\/caguem-el-tio-i-ens-visita-el-patge\/\" title=\"Read Caguem el ti\u00f3 i ens visita el patge!\">Llegeix m\u00e9s\u00bb<\/a><\/p>\n","protected":false},"author":124,"featured_media":7997,"comment_status":"open","ping_status":"open","sticky":false,"template":"","format":"standard","meta":{"_bbp_topic_count":0,"_bbp_reply_count":0,"_bbp_total_topic_count":0,"_bbp_total_reply_count":0,"_bbp_voice_count":0,"_bbp_anonymous_reply_count":0,"_bbp_topic_count_hidden":0,"_bbp_reply_count_hidden":0,"_bbp_forum_subforum_count":0,"footnotes":""},"categories":[1,69,61,4],"tags":[259,195,170,204],"class_list":["post-7996","post","type-post","status-publish","format-standard","has-post-thumbnail","hentry","category-general","category-nadal","category-novetats","category-portada","tag-families","tag-general","tag-nadal","tag-portada"],"post_mailing_queue_ids":[],"_links":{"self":[{"href":"https:\/\/agora.xtec.cat\/escolabacdecerdanya\/wp-json\/wp\/v2\/posts\/7996","targetHints":{"allow":["GET"]}}],"collection":[{"href":"https:\/\/agora.xtec.cat\/escolabacdecerdanya\/wp-json\/wp\/v2\/posts"}],"about":[{"href":"https:\/\/agora.xtec.cat\/escolabacdecerdanya\/wp-json\/wp\/v2\/types\/post"}],"author":[{"embeddable":true,"href":"https:\/\/agora.xtec.cat\/escolabacdecerdanya\/wp-json\/wp\/v2\/users\/124"}],"replies":[{"embeddable":true,"href":"https:\/\/agora.xtec.cat\/escolabacdecerdanya\/wp-json\/wp\/v2\/comments?post=7996"}],"version-history":[{"count":1,"href":"https:\/\/agora.xtec.cat\/escolabacdecerdanya\/wp-json\/wp\/v2\/posts\/7996\/revisions"}],"predecessor-version":[{"id":7998,"href":"https:\/\/agora.xtec.cat\/escolabacdecerdanya\/wp-json\/wp\/v2\/posts\/7996\/revisions\/7998"}],"wp:featuredmedia":[{"embeddable":true,"href":"https:\/\/agora.xtec.cat\/escolabacdecerdanya\/wp-json\/wp\/v2\/media\/7997"}],"wp:attachment":[{"href":"https:\/\/agora.xtec.cat\/escolabacdecerdanya\/wp-json\/wp\/v2\/media?parent=7996"}],"wp:term":[{"taxonomy":"category","embeddable":true,"href":"https:\/\/agora.xtec.cat\/escolabacdecerdanya\/wp-json\/wp\/v2\/categories?post=7996"},{"taxonomy":"post_tag","embeddable":true,"href":"https:\/\/agora.xtec.cat\/escolabacdecerdanya\/wp-json\/wp\/v2\/tags?post=7996"}],"curies":[{"name":"wp","href":"https:\/\/api.w.org\/{rel}","templated":true}]}}