{"id":7992,"date":"2025-12-29T12:25:27","date_gmt":"2025-12-29T11:25:27","guid":{"rendered":"https:\/\/agora.xtec.cat\/escolabacdecerdanya\/?p=7992"},"modified":"2025-12-29T12:43:14","modified_gmt":"2025-12-29T11:43:14","slug":"festival-de-nadal-3","status":"publish","type":"post","link":"https:\/\/agora.xtec.cat\/escolabacdecerdanya\/general\/festival-de-nadal-3\/","title":{"rendered":"Festival de Nadal"},"content":{"rendered":"\n<p>Hola a tothom!<\/p>\n\n\n\n<p>El passat <strong>19 de desembre<\/strong> vam celebrar el <strong>Festival de Nadal de l\u2019escola<\/strong>. Els nens i nenes d\u2019Infantil van recitar un poema i van cantar una nadala conjunta.<\/p>\n\n\n\n<p>L\u2019alumnat de <strong>Cicle Inicial i Cicle Mitj\u00e0<\/strong> va interpretar nadales en els diferents idiomes que treballem a l\u2019escola: <strong>catal\u00e0, castell\u00e0, angl\u00e8s i franc\u00e8s<\/strong>.<\/p>\n\n\n\n<p>Finalment, els nens i nenes de <strong>6\u00e8<\/strong> van representar l\u2019obra de teatre <strong><em>Plomes, banyes i pastorets<\/em>,<\/strong> amb la col\u00b7laboraci\u00f3 dels alumnes de <strong>5\u00e8<\/strong>.<\/p>\n\n\n\n<p>Voleu veure quin goig feien els nens i nenes de l\u2019escola? <strong><a href=\"https:\/\/drive.google.com\/drive\/u\/1\/folders\/18DWOUsdHU4eyvwZdEqzraiOYdWUQbDCh\">Cliqueu aqu\u00ed.<\/a><\/strong><\/p>\n\n\n\n<figure class=\"wp-block-image size-large\"><a href=\"https:\/\/agora.xtec.cat\/escolabacdecerdanya\/wp-content\/uploads\/usu1753\/2025\/12\/Festival-nadal-1.jpg\"><img loading=\"lazy\" decoding=\"async\" width=\"1024\" height=\"571\" src=\"https:\/\/agora.xtec.cat\/escolabacdecerdanya\/wp-content\/uploads\/usu1753\/2025\/12\/Festival-nadal-1-1024x571.jpg\" alt=\"\" class=\"wp-image-7994\" srcset=\"https:\/\/agora.xtec.cat\/escolabacdecerdanya\/wp-content\/uploads\/usu1753\/2025\/12\/Festival-nadal-1-1024x571.jpg 1024w, https:\/\/agora.xtec.cat\/escolabacdecerdanya\/wp-content\/uploads\/usu1753\/2025\/12\/Festival-nadal-1-300x167.jpg 300w, https:\/\/agora.xtec.cat\/escolabacdecerdanya\/wp-content\/uploads\/usu1753\/2025\/12\/Festival-nadal-1-768x428.jpg 768w, https:\/\/agora.xtec.cat\/escolabacdecerdanya\/wp-content\/uploads\/usu1753\/2025\/12\/Festival-nadal-1.jpg 1118w\" sizes=\"auto, (max-width: 1024px) 100vw, 1024px\" \/><\/a><\/figure>\n","protected":false},"excerpt":{"rendered":"<p>Hola a tothom!<\/p>\n<p>El passat 19 de desembre vam celebrar el Festival de Nadal de l\u2019escola. Els nens i nenes d\u2019Infantil van recitar un poema i van cantar una nadala conjunta.<\/p>\n<p>L\u2019alumnat de Cicle Inicial i Cicle Mitj\u00e0 va interpretar nadales en els diferents idiomes que treballem&hellip;  <a href=\"https:\/\/agora.xtec.cat\/escolabacdecerdanya\/general\/festival-de-nadal-3\/\" title=\"Read Festival de Nadal\">Llegeix m\u00e9s\u00bb<\/a><\/p>\n","protected":false},"author":124,"featured_media":7993,"comment_status":"open","ping_status":"open","sticky":false,"template":"","format":"standard","meta":{"_bbp_topic_count":0,"_bbp_reply_count":0,"_bbp_total_topic_count":0,"_bbp_total_reply_count":0,"_bbp_voice_count":0,"_bbp_anonymous_reply_count":0,"_bbp_topic_count_hidden":0,"_bbp_reply_count_hidden":0,"_bbp_forum_subforum_count":0,"footnotes":""},"categories":[1,69,61,4],"tags":[259,195,170,204],"class_list":["post-7992","post","type-post","status-publish","format-standard","has-post-thumbnail","hentry","category-general","category-nadal","category-novetats","category-portada","tag-families","tag-general","tag-nadal","tag-portada"],"post_mailing_queue_ids":[],"_links":{"self":[{"href":"https:\/\/agora.xtec.cat\/escolabacdecerdanya\/wp-json\/wp\/v2\/posts\/7992","targetHints":{"allow":["GET"]}}],"collection":[{"href":"https:\/\/agora.xtec.cat\/escolabacdecerdanya\/wp-json\/wp\/v2\/posts"}],"about":[{"href":"https:\/\/agora.xtec.cat\/escolabacdecerdanya\/wp-json\/wp\/v2\/types\/post"}],"author":[{"embeddable":true,"href":"https:\/\/agora.xtec.cat\/escolabacdecerdanya\/wp-json\/wp\/v2\/users\/124"}],"replies":[{"embeddable":true,"href":"https:\/\/agora.xtec.cat\/escolabacdecerdanya\/wp-json\/wp\/v2\/comments?post=7992"}],"version-history":[{"count":1,"href":"https:\/\/agora.xtec.cat\/escolabacdecerdanya\/wp-json\/wp\/v2\/posts\/7992\/revisions"}],"predecessor-version":[{"id":7995,"href":"https:\/\/agora.xtec.cat\/escolabacdecerdanya\/wp-json\/wp\/v2\/posts\/7992\/revisions\/7995"}],"wp:featuredmedia":[{"embeddable":true,"href":"https:\/\/agora.xtec.cat\/escolabacdecerdanya\/wp-json\/wp\/v2\/media\/7993"}],"wp:attachment":[{"href":"https:\/\/agora.xtec.cat\/escolabacdecerdanya\/wp-json\/wp\/v2\/media?parent=7992"}],"wp:term":[{"taxonomy":"category","embeddable":true,"href":"https:\/\/agora.xtec.cat\/escolabacdecerdanya\/wp-json\/wp\/v2\/categories?post=7992"},{"taxonomy":"post_tag","embeddable":true,"href":"https:\/\/agora.xtec.cat\/escolabacdecerdanya\/wp-json\/wp\/v2\/tags?post=7992"}],"curies":[{"name":"wp","href":"https:\/\/api.w.org\/{rel}","templated":true}]}}