{"id":7982,"date":"2025-12-18T17:00:00","date_gmt":"2025-12-18T16:00:00","guid":{"rendered":"https:\/\/agora.xtec.cat\/escolabacdecerdanya\/?p=7982"},"modified":"2025-12-17T23:48:29","modified_gmt":"2025-12-17T22:48:29","slug":"educacio-infantil-sortim-a-veure-la-decoracio-de-nadal","status":"publish","type":"post","link":"https:\/\/agora.xtec.cat\/escolabacdecerdanya\/general\/educacio-infantil-sortim-a-veure-la-decoracio-de-nadal\/","title":{"rendered":"Educaci\u00f3 Infantil sortim a veure la decoraci\u00f3 de Nadal"},"content":{"rendered":"\n<p>Els i les alumnes d&#8217;Educaci\u00f3 Infantil hem aprofitat l&#8217;\u00faltima sortida de l&#8217;any per anar a veure la decoraci\u00f3 de Nadal del poble. Hem passejat pels carrers i places buscant a les faroles, les fa\u00e7anes, els aparadors de les botigues&#8230; i descobrint un munt de formes i colors amb la decoraci\u00f3 nadalenca!<\/p>\n\n\n\n<p>Per acabar-ho d&#8217;arrodonir, hem fet una visita al Ti\u00f3 del poble. L&#8217;hem ben abra\u00e7at perqu\u00e8 s&#8217;escalf\u00e9s de valent i fins i tot ens el vol\u00edem emportar a l&#8217;escola, per\u00f2 pesava tant que no l&#8217;hem pogut moure ni un mil\u00b7l\u00edmetre (ni amb l&#8217;ajuda de les mestres!)<\/p>\n\n\n\n<p>Un cop a l&#8217;aula hem tancat la sortida fent un rep\u00e0s de les formes geom\u00e8triques que hem vist en les diferents llums i decoraci\u00f3.<\/p>\n\n\n\n<figure class=\"wp-block-image size-large\"><a href=\"https:\/\/drive.google.com\/drive\/folders\/1eudKVhCvJ0EQF_LYJDBIheOp2DYvKGWn\"><img loading=\"lazy\" decoding=\"async\" width=\"768\" height=\"1024\" src=\"https:\/\/agora.xtec.cat\/escolabacdecerdanya\/wp-content\/uploads\/usu1753\/2025\/12\/41ecf41a-d249-458b-85af-8e84e6c841b8-768x1024.jpeg\" alt=\"\" class=\"wp-image-7985\" srcset=\"https:\/\/agora.xtec.cat\/escolabacdecerdanya\/wp-content\/uploads\/usu1753\/2025\/12\/41ecf41a-d249-458b-85af-8e84e6c841b8-768x1024.jpeg 768w, https:\/\/agora.xtec.cat\/escolabacdecerdanya\/wp-content\/uploads\/usu1753\/2025\/12\/41ecf41a-d249-458b-85af-8e84e6c841b8-225x300.jpeg 225w, https:\/\/agora.xtec.cat\/escolabacdecerdanya\/wp-content\/uploads\/usu1753\/2025\/12\/41ecf41a-d249-458b-85af-8e84e6c841b8-1152x1536.jpeg 1152w, https:\/\/agora.xtec.cat\/escolabacdecerdanya\/wp-content\/uploads\/usu1753\/2025\/12\/41ecf41a-d249-458b-85af-8e84e6c841b8.jpeg 1200w\" sizes=\"auto, (max-width: 768px) 100vw, 768px\" \/><\/a><\/figure>\n","protected":false},"excerpt":{"rendered":"<p>Els i les alumnes d&#8217;Educaci\u00f3 Infantil hem aprofitat l&#8217;\u00faltima sortida de l&#8217;any per anar a veure la decoraci\u00f3 de Nadal del poble. Hem passejat pels carrers i places buscant a les faroles, les fa\u00e7anes, els aparadors de les botigues&#8230; i descobrint un munt de formes&hellip;  <a href=\"https:\/\/agora.xtec.cat\/escolabacdecerdanya\/general\/educacio-infantil-sortim-a-veure-la-decoracio-de-nadal\/\" title=\"Read Educaci\u00f3 Infantil sortim a veure la decoraci\u00f3 de Nadal\">Llegeix m\u00e9s\u00bb<\/a><\/p>\n","protected":false},"author":76,"featured_media":7985,"comment_status":"open","ping_status":"open","sticky":false,"template":"","format":"standard","meta":{"_bbp_topic_count":0,"_bbp_reply_count":0,"_bbp_total_topic_count":0,"_bbp_total_reply_count":0,"_bbp_voice_count":0,"_bbp_anonymous_reply_count":0,"_bbp_topic_count_hidden":0,"_bbp_reply_count_hidden":0,"_bbp_forum_subforum_count":0,"footnotes":""},"categories":[103,1,4,86],"tags":[198,195,170,204],"class_list":["post-7982","post","type-post","status-publish","format-standard","has-post-thumbnail","hentry","category-infantil-2","category-general","category-portada","category-sortida","tag-educacio-infantil","tag-general","tag-nadal","tag-portada"],"post_mailing_queue_ids":[],"_links":{"self":[{"href":"https:\/\/agora.xtec.cat\/escolabacdecerdanya\/wp-json\/wp\/v2\/posts\/7982","targetHints":{"allow":["GET"]}}],"collection":[{"href":"https:\/\/agora.xtec.cat\/escolabacdecerdanya\/wp-json\/wp\/v2\/posts"}],"about":[{"href":"https:\/\/agora.xtec.cat\/escolabacdecerdanya\/wp-json\/wp\/v2\/types\/post"}],"author":[{"embeddable":true,"href":"https:\/\/agora.xtec.cat\/escolabacdecerdanya\/wp-json\/wp\/v2\/users\/76"}],"replies":[{"embeddable":true,"href":"https:\/\/agora.xtec.cat\/escolabacdecerdanya\/wp-json\/wp\/v2\/comments?post=7982"}],"version-history":[{"count":2,"href":"https:\/\/agora.xtec.cat\/escolabacdecerdanya\/wp-json\/wp\/v2\/posts\/7982\/revisions"}],"predecessor-version":[{"id":7986,"href":"https:\/\/agora.xtec.cat\/escolabacdecerdanya\/wp-json\/wp\/v2\/posts\/7982\/revisions\/7986"}],"wp:featuredmedia":[{"embeddable":true,"href":"https:\/\/agora.xtec.cat\/escolabacdecerdanya\/wp-json\/wp\/v2\/media\/7985"}],"wp:attachment":[{"href":"https:\/\/agora.xtec.cat\/escolabacdecerdanya\/wp-json\/wp\/v2\/media?parent=7982"}],"wp:term":[{"taxonomy":"category","embeddable":true,"href":"https:\/\/agora.xtec.cat\/escolabacdecerdanya\/wp-json\/wp\/v2\/categories?post=7982"},{"taxonomy":"post_tag","embeddable":true,"href":"https:\/\/agora.xtec.cat\/escolabacdecerdanya\/wp-json\/wp\/v2\/tags?post=7982"}],"curies":[{"name":"wp","href":"https:\/\/api.w.org\/{rel}","templated":true}]}}