{"id":7968,"date":"2025-12-16T17:31:36","date_gmt":"2025-12-16T16:31:36","guid":{"rendered":"https:\/\/agora.xtec.cat\/escolabacdecerdanya\/?p=7968"},"modified":"2025-12-16T17:31:37","modified_gmt":"2025-12-16T16:31:37","slug":"visita-a-lajuntament-3","status":"publish","type":"post","link":"https:\/\/agora.xtec.cat\/escolabacdecerdanya\/general\/visita-a-lajuntament-3\/","title":{"rendered":"Visita a l&#8217;ajuntament"},"content":{"rendered":"\n<p>Els nens i nenes de 3r hem fet una visita a l\u2019ajuntament com a part del projecte dels municipis. All\u00e0 hem apr\u00e8s qu\u00e8 \u00e9s l\u2019ajuntament i quina feina s\u2019hi fa.<\/p>\n\n\n\n<p>Durant la visita, hem entrevistat el senyor alcalde. Li hem fet preguntes sobre el seu treball, com es prenen les decisions del poble i qu\u00e8 fa per millorar el municipi. L\u2019alcalde ens ha explicat que el seu treball \u00e9s ajudar a les persones i cuidar el poble.<\/p>\n\n\n\n<p>Tamb\u00e9 hem pogut veure algunes sales de l\u2019ajuntament i hem apr\u00e8s que \u00e9s un lloc molt important perqu\u00e8 s\u2019hi decideixen coses que afecten a tots els ve\u00efns i ve\u00efnes.<\/p>\n\n\n\n<p>Ens ha agradat molt la visita perqu\u00e8 hem apr\u00e8s moltes coses noves sobre el municipi i el funcionament de l\u2019ajuntament.<\/p>\n\n\n\n<p><\/p>\n","protected":false},"excerpt":{"rendered":"<p>Els nens i nenes de 3r hem fet una visita a l\u2019ajuntament com a part del projecte dels municipis. All\u00e0 hem apr\u00e8s qu\u00e8 \u00e9s l\u2019ajuntament i quina feina s\u2019hi fa.<\/p>\n<p>Durant la visita, hem entrevistat el senyor alcalde. Li hem fet preguntes sobre el seu treball,&hellip;  <a href=\"https:\/\/agora.xtec.cat\/escolabacdecerdanya\/general\/visita-a-lajuntament-3\/\" title=\"Read Visita a l&#8217;ajuntament\">Llegeix m\u00e9s\u00bb<\/a><\/p>\n","protected":false},"author":50,"featured_media":7969,"comment_status":"open","ping_status":"open","sticky":false,"template":"","format":"standard","meta":{"_bbp_topic_count":0,"_bbp_reply_count":0,"_bbp_total_topic_count":0,"_bbp_total_reply_count":0,"_bbp_voice_count":0,"_bbp_anonymous_reply_count":0,"_bbp_topic_count_hidden":0,"_bbp_reply_count_hidden":0,"_bbp_forum_subforum_count":0,"footnotes":""},"categories":[12,242,1,4],"tags":[195,204,166],"class_list":["post-7968","post","type-post","status-publish","format-standard","has-post-thumbnail","hentry","category-3r","category-ft-cicle-mitja","category-general","category-portada","tag-general","tag-portada","tag-projecte"],"post_mailing_queue_ids":[],"_links":{"self":[{"href":"https:\/\/agora.xtec.cat\/escolabacdecerdanya\/wp-json\/wp\/v2\/posts\/7968","targetHints":{"allow":["GET"]}}],"collection":[{"href":"https:\/\/agora.xtec.cat\/escolabacdecerdanya\/wp-json\/wp\/v2\/posts"}],"about":[{"href":"https:\/\/agora.xtec.cat\/escolabacdecerdanya\/wp-json\/wp\/v2\/types\/post"}],"author":[{"embeddable":true,"href":"https:\/\/agora.xtec.cat\/escolabacdecerdanya\/wp-json\/wp\/v2\/users\/50"}],"replies":[{"embeddable":true,"href":"https:\/\/agora.xtec.cat\/escolabacdecerdanya\/wp-json\/wp\/v2\/comments?post=7968"}],"version-history":[{"count":1,"href":"https:\/\/agora.xtec.cat\/escolabacdecerdanya\/wp-json\/wp\/v2\/posts\/7968\/revisions"}],"predecessor-version":[{"id":7970,"href":"https:\/\/agora.xtec.cat\/escolabacdecerdanya\/wp-json\/wp\/v2\/posts\/7968\/revisions\/7970"}],"wp:featuredmedia":[{"embeddable":true,"href":"https:\/\/agora.xtec.cat\/escolabacdecerdanya\/wp-json\/wp\/v2\/media\/7969"}],"wp:attachment":[{"href":"https:\/\/agora.xtec.cat\/escolabacdecerdanya\/wp-json\/wp\/v2\/media?parent=7968"}],"wp:term":[{"taxonomy":"category","embeddable":true,"href":"https:\/\/agora.xtec.cat\/escolabacdecerdanya\/wp-json\/wp\/v2\/categories?post=7968"},{"taxonomy":"post_tag","embeddable":true,"href":"https:\/\/agora.xtec.cat\/escolabacdecerdanya\/wp-json\/wp\/v2\/tags?post=7968"}],"curies":[{"name":"wp","href":"https:\/\/api.w.org\/{rel}","templated":true}]}}