{"id":7951,"date":"2025-12-09T13:46:28","date_gmt":"2025-12-09T12:46:28","guid":{"rendered":"https:\/\/agora.xtec.cat\/escolabacdecerdanya\/?p=7951"},"modified":"2025-12-10T07:20:45","modified_gmt":"2025-12-10T06:20:45","slug":"5e-fa-la-fira-de-la-prehistoria","status":"publish","type":"post","link":"https:\/\/agora.xtec.cat\/escolabacdecerdanya\/portada\/5e-fa-la-fira-de-la-prehistoria\/","title":{"rendered":"5\u00e8 fa la fira de la Prehist\u00f2ria!"},"content":{"rendered":"\n<p><strong>El dijous passat 4 de desembre els nens i nenes de 5\u00e8 van fer la fira de la prehist\u00f2ria, tractava de 4 estands: el foc, les armes, els poblats i els monuments.&nbsp;<\/strong><\/p>\n\n\n\n<p><strong>La fira la vam representar en el gimn\u00e0s perqu\u00e8 \u00e9s un espai gran, vam muntar taules, bancs, vam enganxar cartells a les parets,vam muntar un tenda de campanya i vam decorar l\u2019entrada amb un cartell ben xulo.&nbsp;<\/strong><\/p>\n\n\n\n<p><strong>Cada estand estava format per grups de 4 alumnes i entre tots hem estat un mes i mig muntant-ho: a part de cartells hem creat escultures,&nbsp; maquetes, monuments i mostres per representar com vivien en aquella \u00e8poca. Ens vam disfressar i vam posar m\u00fasica per fer m\u00e9s real l\u2019exposici\u00f3.<\/strong><\/p>\n\n\n\n<p><strong>Tota l\u2019escola va venir a veure la nostra fira i per la tarda els familiars. Ens ho hem passat molt b\u00e9 mentre cadasc\u00fa explicava el seu gui\u00f3 al p\u00fablic que venia. Tamb\u00e9 vam fer detalls pels alumnes m\u00e9s petits de l\u2019escola, va ser un dia \u00fanic i espectacular.<\/strong><\/p>\n\n\n\n<p><a href=\"https:\/\/drive.google.com\/drive\/folders\/1WkJF512zazcR3S2qfsDykyU6Xgx9GthN?usp=drive_link\" data-type=\"link\" data-id=\"https:\/\/drive.google.com\/drive\/folders\/1WkJF512zazcR3S2qfsDykyU6Xgx9GthN?usp=drive_link\">Podeu consultar les fotos de les classes que van venir.<\/a><\/p>\n\n\n\n<p><a href=\"https:\/\/drive.google.com\/drive\/folders\/1l2JHYkrmvdTvU30XkkW6ef48lEdqE2Jn?usp=drive_link\">Aqu\u00ed teniu les fotos de la classe de 5\u00e8 mentre feiem el muntatge dels estands.<\/a><\/p>\n\n\n\n<figure class=\"wp-block-image size-large is-resized\"><a href=\"https:\/\/agora.xtec.cat\/escolabacdecerdanya\/wp-content\/uploads\/usu1753\/2025\/12\/IMG_1315-1-scaled.jpg\"><img loading=\"lazy\" decoding=\"async\" width=\"1024\" height=\"768\" src=\"https:\/\/agora.xtec.cat\/escolabacdecerdanya\/wp-content\/uploads\/usu1753\/2025\/12\/IMG_1315-1-1024x768.jpg\" alt=\"\" class=\"wp-image-7957\" style=\"width:404px;height:auto\" srcset=\"https:\/\/agora.xtec.cat\/escolabacdecerdanya\/wp-content\/uploads\/usu1753\/2025\/12\/IMG_1315-1-1024x768.jpg 1024w, https:\/\/agora.xtec.cat\/escolabacdecerdanya\/wp-content\/uploads\/usu1753\/2025\/12\/IMG_1315-1-300x225.jpg 300w, https:\/\/agora.xtec.cat\/escolabacdecerdanya\/wp-content\/uploads\/usu1753\/2025\/12\/IMG_1315-1-768x576.jpg 768w, https:\/\/agora.xtec.cat\/escolabacdecerdanya\/wp-content\/uploads\/usu1753\/2025\/12\/IMG_1315-1-1536x1152.jpg 1536w, https:\/\/agora.xtec.cat\/escolabacdecerdanya\/wp-content\/uploads\/usu1753\/2025\/12\/IMG_1315-1-2048x1536.jpg 2048w, https:\/\/agora.xtec.cat\/escolabacdecerdanya\/wp-content\/uploads\/usu1753\/2025\/12\/IMG_1315-1-200x150.jpg 200w\" sizes=\"auto, (max-width: 1024px) 100vw, 1024px\" \/><\/a><\/figure>\n\n\n\n<p><\/p>\n","protected":false},"excerpt":{"rendered":"<p>El dijous passat 4 de desembre els nens i nenes de 5\u00e8 van fer la fira de la prehist\u00f2ria, tractava de 4 estands: el foc, les armes, els poblats i els monuments.&nbsp;<\/p>\n<p>La fira la vam representar en el gimn\u00e0s perqu\u00e8 \u00e9s un espai gran, vam&hellip;  <a href=\"https:\/\/agora.xtec.cat\/escolabacdecerdanya\/portada\/5e-fa-la-fira-de-la-prehistoria\/\" title=\"Read 5\u00e8 fa la fira de la Prehist\u00f2ria!\">Llegeix m\u00e9s\u00bb<\/a><\/p>\n","protected":false},"author":121,"featured_media":7957,"comment_status":"open","ping_status":"open","sticky":false,"template":"","format":"standard","meta":{"_bbp_topic_count":0,"_bbp_reply_count":0,"_bbp_total_topic_count":0,"_bbp_total_reply_count":0,"_bbp_voice_count":0,"_bbp_anonymous_reply_count":0,"_bbp_topic_count_hidden":0,"_bbp_reply_count_hidden":0,"_bbp_forum_subforum_count":0,"footnotes":""},"categories":[14,60,241,4],"tags":[204],"class_list":["post-7951","post","type-post","status-publish","format-standard","has-post-thumbnail","hentry","category-5e","category-families","category-ft-cicle-superior","category-portada","tag-portada"],"post_mailing_queue_ids":[],"_links":{"self":[{"href":"https:\/\/agora.xtec.cat\/escolabacdecerdanya\/wp-json\/wp\/v2\/posts\/7951","targetHints":{"allow":["GET"]}}],"collection":[{"href":"https:\/\/agora.xtec.cat\/escolabacdecerdanya\/wp-json\/wp\/v2\/posts"}],"about":[{"href":"https:\/\/agora.xtec.cat\/escolabacdecerdanya\/wp-json\/wp\/v2\/types\/post"}],"author":[{"embeddable":true,"href":"https:\/\/agora.xtec.cat\/escolabacdecerdanya\/wp-json\/wp\/v2\/users\/121"}],"replies":[{"embeddable":true,"href":"https:\/\/agora.xtec.cat\/escolabacdecerdanya\/wp-json\/wp\/v2\/comments?post=7951"}],"version-history":[{"count":2,"href":"https:\/\/agora.xtec.cat\/escolabacdecerdanya\/wp-json\/wp\/v2\/posts\/7951\/revisions"}],"predecessor-version":[{"id":7958,"href":"https:\/\/agora.xtec.cat\/escolabacdecerdanya\/wp-json\/wp\/v2\/posts\/7951\/revisions\/7958"}],"wp:featuredmedia":[{"embeddable":true,"href":"https:\/\/agora.xtec.cat\/escolabacdecerdanya\/wp-json\/wp\/v2\/media\/7957"}],"wp:attachment":[{"href":"https:\/\/agora.xtec.cat\/escolabacdecerdanya\/wp-json\/wp\/v2\/media?parent=7951"}],"wp:term":[{"taxonomy":"category","embeddable":true,"href":"https:\/\/agora.xtec.cat\/escolabacdecerdanya\/wp-json\/wp\/v2\/categories?post=7951"},{"taxonomy":"post_tag","embeddable":true,"href":"https:\/\/agora.xtec.cat\/escolabacdecerdanya\/wp-json\/wp\/v2\/tags?post=7951"}],"curies":[{"name":"wp","href":"https:\/\/api.w.org\/{rel}","templated":true}]}}